{"id":68124,"date":"2025-09-12T01:56:13","date_gmt":"2025-09-12T01:56:13","guid":{"rendered":"https:\/\/lahora.mx\/?p=68124"},"modified":"2025-09-12T01:56:14","modified_gmt":"2025-09-12T01:56:14","slug":"parquimetros-en-san-alejandro-funcionaran-una-semana-antes-de-la-inauguracion-del-hospital","status":"publish","type":"post","link":"https:\/\/lahora.mx\/index.php\/2025\/09\/12\/parquimetros-en-san-alejandro-funcionaran-una-semana-antes-de-la-inauguracion-del-hospital\/","title":{"rendered":"Parqu\u00edmetros en San Alejandro funcionar\u00e1n una semana antes de la inauguraci\u00f3n del Hospital"},"content":{"rendered":"\n<p>El presidente municipal, Pepe Chedraui, inform\u00f3 que ocho d\u00edas antes de la inauguraci\u00f3n del Hospital San Alejandro entrar\u00e1 en funcionamiento el corredor de parqu\u00edmetros denominado IMSS San Alejandro-Ortopedia.<\/p>\n\n\n\n<p>En entrevista, record\u00f3 que la instalaci\u00f3n del programa Estaci\u00f3nate Aqu\u00ed responde a la solicitud emitida por la titular del IMSS en Puebla al Ayuntamiento, con el fin de mejorar la movilidad en torno al nosocomio.<\/p>\n\n\n\n<p>Lo anterior se debe a que las principales vialidades del hospital suelen ser ocupadas por el comercio informal, lo que impide el libre tr\u00e1nsito de derechohabientes y usuarios de las diferentes unidades m\u00e9dicas.<\/p>\n\n\n\n<p>Al respecto, el alcalde Chedraui se\u00f1al\u00f3 que, tras la aprobaci\u00f3n en Cabildo de los cajones de estacionamiento en San Alejandro, la operaci\u00f3n de los parqu\u00edmetros comenzar\u00e1 una semana antes de la apertura del hospital.<\/p>\n\n\n\n<p>En ese sentido, el pago a partir de la cuarta hora y las sanciones por ocupar incorrectamente los parqu\u00edmetros se aplicar\u00e1n despu\u00e9s del proceso de socializaci\u00f3n.<\/p>\n\n\n\n<p>\u201cEn cuanto empiece el Hospital de San Alejandro a operar, en ese momento, ocho d\u00edas antes, entrar\u00e1n los parqu\u00edmetros. Por lo pronto, \u00fanicamente en San Alejandro\u201d, mencion\u00f3.<\/p>\n\n\n\n<p>De acuerdo con el subsecretario de Movilidad, Norman Campos, la instalaci\u00f3n de los parqu\u00edmetros abarcar\u00e1 desde la 18 Poniente, Diagonal Defensores de la Rep\u00fablica, Prolongaci\u00f3n de Reforma y Bulevar Norte.<\/p>\n","protected":false},"excerpt":{"rendered":"<p>El presidente municipal, Pepe Chedraui, inform\u00f3 que ocho d\u00edas antes de la inauguraci\u00f3n del Hospital San Alejandro entrar\u00e1 en funcionamiento el corredor de parqu\u00edmetros denominado IMSS San Alejandro-Ortopedia. En entrevista, record\u00f3 que la instalaci\u00f3n del programa Estaci\u00f3nate Aqu\u00ed responde a la solicitud emitida por la titular del IMSS en Puebla al Ayuntamiento, con el fin [&hellip;]<\/p>\n","protected":false},"author":4,"featured_media":68125,"comment_status":"open","ping_status":"open","sticky":false,"template":"","format":"standard","meta":{"om_disable_all_campaigns":false,"_monsterinsights_skip_tracking":false,"_monsterinsights_sitenote_active":false,"_monsterinsights_sitenote_note":"","_monsterinsights_sitenote_category":0,"footnotes":""},"categories":[175],"tags":[223],"class_list":["post-68124","post","type-post","status-publish","format-standard","has-post-thumbnail","hentry","category-local","tag-puebla"],"amp_enabled":true,"_links":{"self":[{"href":"https:\/\/lahora.mx\/index.php\/wp-json\/wp\/v2\/posts\/68124","targetHints":{"allow":["GET"]}}],"collection":[{"href":"https:\/\/lahora.mx\/index.php\/wp-json\/wp\/v2\/posts"}],"about":[{"href":"https:\/\/lahora.mx\/index.php\/wp-json\/wp\/v2\/types\/post"}],"author":[{"embeddable":true,"href":"https:\/\/lahora.mx\/index.php\/wp-json\/wp\/v2\/users\/4"}],"replies":[{"embeddable":true,"href":"https:\/\/lahora.mx\/index.php\/wp-json\/wp\/v2\/comments?post=68124"}],"version-history":[{"count":1,"href":"https:\/\/lahora.mx\/index.php\/wp-json\/wp\/v2\/posts\/68124\/revisions"}],"predecessor-version":[{"id":68126,"href":"https:\/\/lahora.mx\/index.php\/wp-json\/wp\/v2\/posts\/68124\/revisions\/68126"}],"wp:featuredmedia":[{"embeddable":true,"href":"https:\/\/lahora.mx\/index.php\/wp-json\/wp\/v2\/media\/68125"}],"wp:attachment":[{"href":"https:\/\/lahora.mx\/index.php\/wp-json\/wp\/v2\/media?parent=68124"}],"wp:term":[{"taxonomy":"category","embeddable":true,"href":"https:\/\/lahora.mx\/index.php\/wp-json\/wp\/v2\/categories?post=68124"},{"taxonomy":"post_tag","embeddable":true,"href":"https:\/\/lahora.mx\/index.php\/wp-json\/wp\/v2\/tags?post=68124"}],"curies":[{"name":"wp","href":"https:\/\/api.w.org\/{rel}","templated":true}]}}