{"id":6812,"date":"2022-05-12T17:33:28","date_gmt":"2022-05-12T17:33:28","guid":{"rendered":"http:\/\/lahora.mx\/?p=6812"},"modified":"2022-05-12T17:34:28","modified_gmt":"2022-05-12T17:34:28","slug":"en-mexico-tambien-cuidan-a-los-delincuentes-asi-lo-declaro-amlo-son-humanos","status":"publish","type":"post","link":"https:\/\/lahora.mx\/index.php\/2022\/05\/12\/en-mexico-tambien-cuidan-a-los-delincuentes-asi-lo-declaro-amlo-son-humanos\/","title":{"rendered":"En Mexico tambi\u00e9n cuidan a los delincuentes \u00abson humanos\u00bb menciona AMLO"},"content":{"rendered":"\n<p>El presidente Andr\u00e9s Manuel L\u00f3pez Obrador asegur\u00f3 este jueves que en su gobierno se cuida a los elementos federales al evitar que haya&nbsp;<strong>enfrentamientos<\/strong>, pero se\u00f1al\u00f3 que tambi\u00e9n se cuida a los integrantes de bandas del&nbsp;<strong>crimen organizado<\/strong>, ya que, afirm\u00f3, tambi\u00e9n son humanos.<br><\/p>\n\n\n\n<p>En conferencia de prensa matutina, el mandatario federal afirm\u00f3 que tanto la Sedena, la Marina y la Guardia Nacional ahora tienen formaci\u00f3n para evitar enfrentamientos y para utilizar m\u00e1s la inteligencia que la fuerza.<\/p>\n\n\n\n<p>\u201cCuidamos a los elementos de las Fuerzas armadas, de la Defensa (Sedena), de la Guardia Nacional (GN), pero tambi\u00e9n cuidamos a los integrantes de las bandas, son seres humanos\u201d, dijo.&nbsp;<\/p>\n\n\n\n<p>En Palacio Nacional, luego de que se hiciera viral un video &nbsp;donde se observa a un grupo armado perseguir y expulsar del&nbsp;municipio de M\u00fagica,&nbsp;<strong>Michoac\u00e1n<\/strong>, a una caravana de personal de la Sedena, el Ejecutivo federal asegur\u00f3 que esta fue \u201cuna actitud responsable\u201d.&nbsp;<\/p>\n\n\n\n<p>Asegur\u00f3 que la persecuci\u00f3n de presuntos delincuentes es porque se buscaba que los militares no entraran a un sitio donde se encontraron laboratorios de drogas.&nbsp;<\/p>\n\n\n\n<p>\u201cAyer en las redes sociales circul\u00f3 un video en donde unos presuntos delincuentes van detr\u00e1s de unas camionetas del Ejercicio, los van siguiendo. Entonces eso se us\u00f3 para decir &#8216;\u00bfEn que pa\u00eds vivimos?&#8217; hasta personajes famosos, desde luego del partido conservador, hablando de que no hab\u00eda autoridad, de c\u00f3mo se humillaba as\u00ed al Ej\u00e9rcito demostrando la incapacidad del mandatario para combatir al crimen organizado en el pa\u00eds, como la creciente inseguridad que se vive d\u00eda a d\u00eda, y sin dejar de culpar a las administraciones anteriores en la menor oportunidad tras cuestionar sus decisiones. <\/p>\n","protected":false},"excerpt":{"rendered":"<p>El presidente Andr\u00e9s Manuel L\u00f3pez Obrador asegur\u00f3 este jueves que en su gobierno se cuida a los elementos federales al evitar que haya&nbsp;enfrentamientos, pero se\u00f1al\u00f3 que tambi\u00e9n se cuida a los integrantes de bandas del&nbsp;crimen organizado, ya que, afirm\u00f3, tambi\u00e9n son humanos. En conferencia de prensa matutina, el mandatario federal afirm\u00f3 que tanto la Sedena, [&hellip;]<\/p>\n","protected":false},"author":4,"featured_media":6813,"comment_status":"open","ping_status":"open","sticky":false,"template":"","format":"standard","meta":{"om_disable_all_campaigns":false,"_monsterinsights_skip_tracking":false,"_monsterinsights_sitenote_active":false,"_monsterinsights_sitenote_note":"","_monsterinsights_sitenote_category":0,"footnotes":""},"categories":[176],"tags":[195,223],"class_list":["post-6812","post","type-post","status-publish","format-standard","has-post-thumbnail","hentry","category-nacional","tag-principal","tag-puebla"],"amp_enabled":true,"_links":{"self":[{"href":"https:\/\/lahora.mx\/index.php\/wp-json\/wp\/v2\/posts\/6812","targetHints":{"allow":["GET"]}}],"collection":[{"href":"https:\/\/lahora.mx\/index.php\/wp-json\/wp\/v2\/posts"}],"about":[{"href":"https:\/\/lahora.mx\/index.php\/wp-json\/wp\/v2\/types\/post"}],"author":[{"embeddable":true,"href":"https:\/\/lahora.mx\/index.php\/wp-json\/wp\/v2\/users\/4"}],"replies":[{"embeddable":true,"href":"https:\/\/lahora.mx\/index.php\/wp-json\/wp\/v2\/comments?post=6812"}],"version-history":[{"count":2,"href":"https:\/\/lahora.mx\/index.php\/wp-json\/wp\/v2\/posts\/6812\/revisions"}],"predecessor-version":[{"id":6815,"href":"https:\/\/lahora.mx\/index.php\/wp-json\/wp\/v2\/posts\/6812\/revisions\/6815"}],"wp:featuredmedia":[{"embeddable":true,"href":"https:\/\/lahora.mx\/index.php\/wp-json\/wp\/v2\/media\/6813"}],"wp:attachment":[{"href":"https:\/\/lahora.mx\/index.php\/wp-json\/wp\/v2\/media?parent=6812"}],"wp:term":[{"taxonomy":"category","embeddable":true,"href":"https:\/\/lahora.mx\/index.php\/wp-json\/wp\/v2\/categories?post=6812"},{"taxonomy":"post_tag","embeddable":true,"href":"https:\/\/lahora.mx\/index.php\/wp-json\/wp\/v2\/tags?post=6812"}],"curies":[{"name":"wp","href":"https:\/\/api.w.org\/{rel}","templated":true}]}}