{"id":68112,"date":"2025-09-11T19:11:14","date_gmt":"2025-09-11T19:11:14","guid":{"rendered":"https:\/\/lahora.mx\/?p=68112"},"modified":"2025-09-11T19:11:15","modified_gmt":"2025-09-11T19:11:15","slug":"canaco-udlap-uvp-e-interamericana-anuncian-incubadora-de-empresas","status":"publish","type":"post","link":"https:\/\/lahora.mx\/index.php\/2025\/09\/11\/canaco-udlap-uvp-e-interamericana-anuncian-incubadora-de-empresas\/","title":{"rendered":"Canaco, UDLAP, UVP e Interamericana anuncian incubadora de empresas"},"content":{"rendered":"\n<p>Debido a que las MiPyME no sobreviven m\u00e1s de dos a\u00f1os, la Canaco en colaboraci\u00f3n con la UDLAP, UVP y Universidad Interamericana anunciaron su programa de Incubaci\u00f3n de Empresas para apoyar a emprendedores.<\/p>\n\n\n\n<p>La ma\u00f1ana de este jueves en conferencia de prensa, Manuel Flores, secretario general de la Canaco, resalt\u00f3 la importancia de las MiPyME ya que concentran el 80 por ciento de las unidades econ\u00f3micas y sostienen a la mitad de los empleos formales.<\/p>\n\n\n\n<p>Sin embargo, muchas de ellas debido a diversos factores como falta de financiamiento, falta de capacitaci\u00f3n, falta de estrategias no logran superar los dos a\u00f1os.<\/p>\n\n\n\n<p>\u00abLa tasa de mortalidad empresarial sigue siendo alta, m\u00e1s de 50 por ciento de los negocios cierra antes de cumplir los dos a\u00f1os\u00bb, coment\u00f3.<\/p>\n\n\n\n<p>En este sentido, Manuel Flores coment\u00f3 que este proyecto tiene como objetivo el ayudar a los proyectos de los estudiantes a convertirse en empresas.<\/p>\n\n\n\n<p>Por lo que en este convenio se busca elegir cinco proyectos de cada universidad que sean factibles, a los cuales se les dar\u00e1 acompa\u00f1amiento.<\/p>\n\n\n\n<p>Una vez terminado este acompa\u00f1amiento, s\u00f3lo a tres proyectos se les har\u00e1 una inversi\u00f3n de 50 mil pesos para que puedan crecer y consolidarse.<\/p>\n\n\n\n<p>Mientras que las universidades dar\u00e1n apoyo en sus instalaciones, materiales y m\u00e1s, para que los proyectos puedan avanzar m\u00e1s r\u00e1pido.<\/p>\n\n\n\n<p>De acuerdo con la Canaco se aceptar\u00e1n cualquier proyecto no s\u00f3lo de servicios, pues s\u00f3lo buscan que sean factibles para poderse consolidar.<\/p>\n","protected":false},"excerpt":{"rendered":"<p>Debido a que las MiPyME no sobreviven m\u00e1s de dos a\u00f1os, la Canaco en colaboraci\u00f3n con la UDLAP, UVP y Universidad Interamericana anunciaron su programa de Incubaci\u00f3n de Empresas para apoyar a emprendedores. La ma\u00f1ana de este jueves en conferencia de prensa, Manuel Flores, secretario general de la Canaco, resalt\u00f3 la importancia de las MiPyME [&hellip;]<\/p>\n","protected":false},"author":4,"featured_media":68113,"comment_status":"open","ping_status":"open","sticky":false,"template":"","format":"standard","meta":{"om_disable_all_campaigns":false,"_monsterinsights_skip_tracking":false,"_monsterinsights_sitenote_active":false,"_monsterinsights_sitenote_note":"","_monsterinsights_sitenote_category":0,"footnotes":""},"categories":[175],"tags":[223],"class_list":["post-68112","post","type-post","status-publish","format-standard","has-post-thumbnail","hentry","category-local","tag-puebla"],"amp_enabled":true,"_links":{"self":[{"href":"https:\/\/lahora.mx\/index.php\/wp-json\/wp\/v2\/posts\/68112","targetHints":{"allow":["GET"]}}],"collection":[{"href":"https:\/\/lahora.mx\/index.php\/wp-json\/wp\/v2\/posts"}],"about":[{"href":"https:\/\/lahora.mx\/index.php\/wp-json\/wp\/v2\/types\/post"}],"author":[{"embeddable":true,"href":"https:\/\/lahora.mx\/index.php\/wp-json\/wp\/v2\/users\/4"}],"replies":[{"embeddable":true,"href":"https:\/\/lahora.mx\/index.php\/wp-json\/wp\/v2\/comments?post=68112"}],"version-history":[{"count":1,"href":"https:\/\/lahora.mx\/index.php\/wp-json\/wp\/v2\/posts\/68112\/revisions"}],"predecessor-version":[{"id":68114,"href":"https:\/\/lahora.mx\/index.php\/wp-json\/wp\/v2\/posts\/68112\/revisions\/68114"}],"wp:featuredmedia":[{"embeddable":true,"href":"https:\/\/lahora.mx\/index.php\/wp-json\/wp\/v2\/media\/68113"}],"wp:attachment":[{"href":"https:\/\/lahora.mx\/index.php\/wp-json\/wp\/v2\/media?parent=68112"}],"wp:term":[{"taxonomy":"category","embeddable":true,"href":"https:\/\/lahora.mx\/index.php\/wp-json\/wp\/v2\/categories?post=68112"},{"taxonomy":"post_tag","embeddable":true,"href":"https:\/\/lahora.mx\/index.php\/wp-json\/wp\/v2\/tags?post=68112"}],"curies":[{"name":"wp","href":"https:\/\/api.w.org\/{rel}","templated":true}]}}