{"id":68106,"date":"2025-09-11T18:52:28","date_gmt":"2025-09-11T18:52:28","guid":{"rendered":"https:\/\/lahora.mx\/?p=68106"},"modified":"2025-09-11T18:52:29","modified_gmt":"2025-09-11T18:52:29","slug":"tras-asesinato-de-empresario-poblano-pondran-alarmas-en-fraccionamientos","status":"publish","type":"post","link":"https:\/\/lahora.mx\/index.php\/2025\/09\/11\/tras-asesinato-de-empresario-poblano-pondran-alarmas-en-fraccionamientos\/","title":{"rendered":"Tras asesinato de empresario poblano, pondr\u00e1n alarmas en fraccionamientos"},"content":{"rendered":"\n<p>Tras el asesinato del empresario poblano Efr\u00e9n Ram\u00edrez Maldonado, el gobierno estatal y la Iniciativa Privada (IP) prev\u00e9n instalar alarmas vecinales en fraccionamientos de Puebla que estar\u00e1n conectadas al Complejo de Seguridad Metropolitano (C5).<\/p>\n\n\n\n<p>As\u00ed lo declar\u00f3 la presidenta del Centro Empresarial de Puebla (Coparmex Puebla), Beatriz Camacho Ruiz, quien explic\u00f3 que este es \u00abun trabajo que vamos a hacer en el transcurso del tiempo, que es la conexi\u00f3n de las c\u00e1maras y las alarmas vecinales, para que nosotros como ciudadanos podamos sentirnos seguros\u00bb.<\/p>\n\n\n\n<p>Camacho Ruiz particip\u00f3 junto con el dirigente del Consejo Coordinador Empresarial (CCE) en Puebla, H\u00e9ctor S\u00e1nchez Morales, en una reuni\u00f3n con el gobernador Alejandro Armenta Mier; el titular de Seguridad P\u00fablica, Francisco S\u00e1nchez Gonz\u00e1lez; y la fiscal general Idamis Pastor Betancourt.<\/p>\n\n\n\n<p>En el encuentro, la empresaria explic\u00f3 que esta medida se aplicar\u00e1 en coordinaci\u00f3n con los representantes de las colonias y fraccionamientos de la zona metropolitana, con la finalidad de establecer progresivamente una cobertura completa.<\/p>\n\n\n\n<p>Algunas de las colonias donde comenzar\u00e1n a implementarse los botones de alertamiento ser\u00e1 en la Antigua Cementera, Altavista, Arcos del Sur, Concepci\u00f3n Buena Vista, Estrellas del Sur, Jardines de las Lomas, Jardines de Zavaleta, Morelos, 3 de Mayo, Residencial Arco Sur, Rivera del Atoyac y Moctezuma.<\/p>\n\n\n\n<p>El representante del CCE coment\u00f3 sobre el tema de los asaltos carreteros y enfatiz\u00f3 la necesidad de combatirlos, aunque reconoci\u00f3 que los operativos del gobierno estatal han sido efectivos para lograr este objetivo.<\/p>\n\n\n\n<p>Mientras que la fiscal general, Idamis Pastor Betancourt, refiri\u00f3 que han recibido hasta el momento 13 denuncias de extorsi\u00f3n a trav\u00e9s de la aplicaci\u00f3n que dispuso la FGE para atenderlas.<\/p>\n\n\n\n<p>Empresarios repudian asesinato de Efr\u00e9n Ram\u00edrez Maldonado<br>El tema de la reuni\u00f3n, en la que tambi\u00e9n estuvieron presentes otros empresarios, era atender los hechos delictivos que afectan a los sectores productivos y la seguridad de las familias.<\/p>\n\n\n\n<p>La semana pasada, m\u00e1s de 40 empresarios, m\u00e9dicos y arquitectos poblanos exigieron al gobierno del estado y a la Fiscal\u00eda General del Estado (FGE) una investigaci\u00f3n exhaustiva por el asesinato del empresario poblano Efr\u00e9n Ram\u00edrez Maldonado, propietario de Joyer\u00edas London.<\/p>\n\n\n\n<p>El hecho ocurri\u00f3 durante la madrugada del 1 de septiembre en su domicilio ubicado en inmediaciones del fraccionamiento Mirador La Calera, en la ciudad de Puebla.<\/p>\n\n\n\n<p>Ese d\u00eda, un grupo de hombres armados irrumpi\u00f3 en la vivienda de Efr\u00e9n Ram\u00edrez Maldonado en La Calera. El empresario se percat\u00f3 del ingreso de los sujetos y recibi\u00f3 cuatro disparos. Fue trasladado al Hospital Betania, donde falleci\u00f3 alrededor de las 13:00 horas.<\/p>\n","protected":false},"excerpt":{"rendered":"<p>Tras el asesinato del empresario poblano Efr\u00e9n Ram\u00edrez Maldonado, el gobierno estatal y la Iniciativa Privada (IP) prev\u00e9n instalar alarmas vecinales en fraccionamientos de Puebla que estar\u00e1n conectadas al Complejo de Seguridad Metropolitano (C5). As\u00ed lo declar\u00f3 la presidenta del Centro Empresarial de Puebla (Coparmex Puebla), Beatriz Camacho Ruiz, quien explic\u00f3 que este es \u00abun [&hellip;]<\/p>\n","protected":false},"author":4,"featured_media":68107,"comment_status":"open","ping_status":"open","sticky":false,"template":"","format":"standard","meta":{"om_disable_all_campaigns":false,"_monsterinsights_skip_tracking":false,"_monsterinsights_sitenote_active":false,"_monsterinsights_sitenote_note":"","_monsterinsights_sitenote_category":0,"footnotes":""},"categories":[175],"tags":[223],"class_list":["post-68106","post","type-post","status-publish","format-standard","has-post-thumbnail","hentry","category-local","tag-puebla"],"amp_enabled":true,"_links":{"self":[{"href":"https:\/\/lahora.mx\/index.php\/wp-json\/wp\/v2\/posts\/68106","targetHints":{"allow":["GET"]}}],"collection":[{"href":"https:\/\/lahora.mx\/index.php\/wp-json\/wp\/v2\/posts"}],"about":[{"href":"https:\/\/lahora.mx\/index.php\/wp-json\/wp\/v2\/types\/post"}],"author":[{"embeddable":true,"href":"https:\/\/lahora.mx\/index.php\/wp-json\/wp\/v2\/users\/4"}],"replies":[{"embeddable":true,"href":"https:\/\/lahora.mx\/index.php\/wp-json\/wp\/v2\/comments?post=68106"}],"version-history":[{"count":1,"href":"https:\/\/lahora.mx\/index.php\/wp-json\/wp\/v2\/posts\/68106\/revisions"}],"predecessor-version":[{"id":68108,"href":"https:\/\/lahora.mx\/index.php\/wp-json\/wp\/v2\/posts\/68106\/revisions\/68108"}],"wp:featuredmedia":[{"embeddable":true,"href":"https:\/\/lahora.mx\/index.php\/wp-json\/wp\/v2\/media\/68107"}],"wp:attachment":[{"href":"https:\/\/lahora.mx\/index.php\/wp-json\/wp\/v2\/media?parent=68106"}],"wp:term":[{"taxonomy":"category","embeddable":true,"href":"https:\/\/lahora.mx\/index.php\/wp-json\/wp\/v2\/categories?post=68106"},{"taxonomy":"post_tag","embeddable":true,"href":"https:\/\/lahora.mx\/index.php\/wp-json\/wp\/v2\/tags?post=68106"}],"curies":[{"name":"wp","href":"https:\/\/api.w.org\/{rel}","templated":true}]}}