{"id":68084,"date":"2025-09-11T03:09:58","date_gmt":"2025-09-11T03:09:58","guid":{"rendered":"https:\/\/lahora.mx\/?p=68084"},"modified":"2025-09-11T03:09:59","modified_gmt":"2025-09-11T03:09:59","slug":"san-pedro-cholula-sera-sede-del-mundial-de-voleibol-de-playa-sub-21","status":"publish","type":"post","link":"https:\/\/lahora.mx\/index.php\/2025\/09\/11\/san-pedro-cholula-sera-sede-del-mundial-de-voleibol-de-playa-sub-21\/","title":{"rendered":"San Pedro Cholula ser\u00e1 sede del Mundial de Voleibol de Playa Sub 21"},"content":{"rendered":"\n<p>El Gobierno Municipal de San Pedro Cholula , presidido por Tonantzin Fern\u00e1ndez , mantiene firme su compromiso con el trabajo coordinado entre las tres \u00f3rdenes de gobierno en favor de promover el deporte, la cultura, el turismo y la derrama econ\u00f3mica en el municipio.<\/p>\n\n\n\n<p>Bajo esa premisa, la presidenta municipal acompa\u00f1\u00f3 al gobernador del Estado, Alejandro Armenta , en la Ciudad de M\u00e9xico para la presentaci\u00f3n del Mundial de Voleibol de Playa Sub 21 , el cual se realizar\u00e1 en San Pedro Cholula del 15 al 19 de octubre.<\/p>\n\n\n\n<p>Al respecto, Tonantzin Fern\u00e1ndez agradeci\u00f3 al gobernador de Puebla , Alejandro Armenta ; a la titular de la Secretar\u00eda del Deporte y Juventud , Gabriela S\u00e1nchez ; as\u00ed como a Rommel Pacheco , director de la Comisi\u00f3n Nacional de Cultura F\u00edsica y Deporte (Conade) , por elegir al municipio para la realizaci\u00f3n de este importante evento, con el que se esperan 64 atletas de esta disciplina de todo el mundo y m\u00e1s de 20 mil personas que llegar\u00e1n al municipio.<\/p>\n\n\n\n<p>Afirm\u00f3 que su administraci\u00f3n realiza acciones contundentes para favorecer el turismo, as\u00ed como la promoci\u00f3n de la cultura y el deporte entre las juventudes cholultecas, siendo este no s\u00f3lo un evento deportivo, sino inspirador para las y los adolescentes, a fin de alejarlos de vicios y como pol\u00edtica p\u00fablica de promover una vida saludable.<\/p>\n\n\n\n<p>Por su parte, Alejandro Armenta asever\u00f3 que Puebla se est\u00e1 convirtiendo en el epicentro cultural de M\u00e9xico, trayendo eventos de talla internacional y haciendo que miles de personas visiten San Pedro Cholula , municipio del cual \u2013afirm\u00f3\u2013 tiene una gran oferta cultural, gastron\u00f3mica y tur\u00edstica para recibir este tipo de justas deportivas.<\/p>\n\n\n\n<p>Mientras que, en su participaci\u00f3n, Rommel Pacheco asegur\u00f3 que este mundial de voleibol es de suma importancia para la federaci\u00f3n, por lo que se dijo emocionado de hacer que llegue a San Pedro Cholula , de la mano de la presidenta municipal, Tonantzin Fern\u00e1ndez , impulsando as\u00ed el deporte entre la sociedad.<\/p>\n\n\n\n<p>Con estas acciones, la administraci\u00f3n municipal 2024-2027 reafirma su compromiso con la gesti\u00f3n y consolidaci\u00f3n de eventos que colocan a San Pedro Cholula en el mapa mundial, siendo un municipio preparado para la realizaci\u00f3n de espect\u00e1culos de talla nacional e internacional.<\/p>\n","protected":false},"excerpt":{"rendered":"<p>El Gobierno Municipal de San Pedro Cholula , presidido por Tonantzin Fern\u00e1ndez , mantiene firme su compromiso con el trabajo coordinado entre las tres \u00f3rdenes de gobierno en favor de promover el deporte, la cultura, el turismo y la derrama econ\u00f3mica en el municipio. Bajo esa premisa, la presidenta municipal acompa\u00f1\u00f3 al gobernador del Estado, [&hellip;]<\/p>\n","protected":false},"author":4,"featured_media":68085,"comment_status":"open","ping_status":"open","sticky":false,"template":"","format":"standard","meta":{"om_disable_all_campaigns":false,"_monsterinsights_skip_tracking":false,"_monsterinsights_sitenote_active":false,"_monsterinsights_sitenote_note":"","_monsterinsights_sitenote_category":0,"footnotes":""},"categories":[6],"tags":[234,223],"class_list":["post-68084","post","type-post","status-publish","format-standard","has-post-thumbnail","hentry","category-sports","tag-cholula","tag-puebla"],"amp_enabled":true,"_links":{"self":[{"href":"https:\/\/lahora.mx\/index.php\/wp-json\/wp\/v2\/posts\/68084","targetHints":{"allow":["GET"]}}],"collection":[{"href":"https:\/\/lahora.mx\/index.php\/wp-json\/wp\/v2\/posts"}],"about":[{"href":"https:\/\/lahora.mx\/index.php\/wp-json\/wp\/v2\/types\/post"}],"author":[{"embeddable":true,"href":"https:\/\/lahora.mx\/index.php\/wp-json\/wp\/v2\/users\/4"}],"replies":[{"embeddable":true,"href":"https:\/\/lahora.mx\/index.php\/wp-json\/wp\/v2\/comments?post=68084"}],"version-history":[{"count":1,"href":"https:\/\/lahora.mx\/index.php\/wp-json\/wp\/v2\/posts\/68084\/revisions"}],"predecessor-version":[{"id":68086,"href":"https:\/\/lahora.mx\/index.php\/wp-json\/wp\/v2\/posts\/68084\/revisions\/68086"}],"wp:featuredmedia":[{"embeddable":true,"href":"https:\/\/lahora.mx\/index.php\/wp-json\/wp\/v2\/media\/68085"}],"wp:attachment":[{"href":"https:\/\/lahora.mx\/index.php\/wp-json\/wp\/v2\/media?parent=68084"}],"wp:term":[{"taxonomy":"category","embeddable":true,"href":"https:\/\/lahora.mx\/index.php\/wp-json\/wp\/v2\/categories?post=68084"},{"taxonomy":"post_tag","embeddable":true,"href":"https:\/\/lahora.mx\/index.php\/wp-json\/wp\/v2\/tags?post=68084"}],"curies":[{"name":"wp","href":"https:\/\/api.w.org\/{rel}","templated":true}]}}