{"id":68072,"date":"2025-09-11T01:09:50","date_gmt":"2025-09-11T01:09:50","guid":{"rendered":"https:\/\/lahora.mx\/?p=68072"},"modified":"2025-09-11T01:09:52","modified_gmt":"2025-09-11T01:09:52","slug":"armenta-dara-su-primer-grito-en-el-zocalo-chedraui-lo-acompanara","status":"publish","type":"post","link":"https:\/\/lahora.mx\/index.php\/2025\/09\/11\/armenta-dara-su-primer-grito-en-el-zocalo-chedraui-lo-acompanara\/","title":{"rendered":"Armenta dar\u00e1 su primer grito en el Z\u00f3calo; Chedraui lo acompa\u00f1ar\u00e1"},"content":{"rendered":"\n<p>El gobernador Alejandro Armenta Mier dar\u00e1 el primer Grito de Independencia de su mandato en el Palacio Municipal de Puebla junto al edil Jos\u00e9 Chedraui Budib, ello como parte de la celebraci\u00f3n de las fiestas patrias.<\/p>\n\n\n\n<p>El 15 de septiembre, el mandatario estatal protagonizar\u00e1 este acto protocolar cuya log\u00edstica y horarios a\u00fan no han sido confirmados, aunque se conoce que el tradicional Grito se dar\u00e1 a las 23:00 horas frente al Z\u00f3calo.<\/p>\n\n\n\n<p>Armenta Mier ha asegurado que dar\u00e1 el Grito junto al presidente municipal, y durante una conferencia de prensa, entre risas dijo que \u00abvamos a hacerlo en equipo porque somos equipo, aunque se les olvide bachear\u00bb.<\/p>\n\n\n\n<p>De este modo, pese a sus observaciones a la labor de Chedraui Budib al frente del Ayuntamiento, todo indica que este a\u00f1o no ser\u00e1 una repetici\u00f3n de lo ocurrido en 2021, durante la administraci\u00f3n de Miguel Barbosa Huerta.<\/p>\n\n\n\n<p>En aquella oportunidad, el fallecido gobernador encabez\u00f3 el Grito de manera separada en Casa Aguayo debido a sus diferencias con la entonces alcaldesa Claudia Rivera Vivanco, con quien, a pesar de ser del mismo partido, hab\u00eda protagonizado roces p\u00fablicos.<\/p>\n\n\n\n<p>Habr\u00e1 un Corredor Patrio, del Z\u00f3calo al Paseo Bravo<br>Este a\u00f1o habr\u00e1 un Corredor Patrio en el que se vender\u00e1n alimentos y bebidas para el disfrute de los visitantes, quienes podr\u00e1n recorrer una v\u00eda iluminada con los adornos alusivos a las festividades.<\/p>\n\n\n\n<p>Aunado a esto, se tiene previsto que una hora despu\u00e9s del Grito de Independencia, a las 23:59 horas, tenga lugar el concierto por parte del cantante del g\u00e9nero regional mexicano Juli\u00f3n \u00c1lvarez y su Norte\u00f1o Banda en inmediaciones del Paseo Bravo.<\/p>\n\n\n\n<p>A trav\u00e9s de un video compartido en las redes sociales del gobierno estatal, el cantante afirm\u00f3 que \u201ceste pr\u00f3ximo 15 de septiembre nos toca estar Juli\u00f3n \u00c1lvarez y su Norte\u00f1o Banda, present\u00e1ndonos y festejando un a\u00f1o m\u00e1s de nuestra independencia en Puebla, Puebla\u201d.<\/p>\n\n\n\n<p>La licitaci\u00f3n correspondiente a la organizaci\u00f3n del concierto especifica la ubicaci\u00f3n del escenario de 41 metros de ancho justo frente a la Fuente de Motolinia, sobre la calle 13 Sur; mientras que el catering y los camerinos se encontrar\u00e1n en los costados de la hist\u00f3rica fuente, en el Paseo Bravo propiamente.<\/p>\n\n\n\n<p>Mientras que el p\u00fablico que asistir\u00e1 al evento se encontrar\u00e1 distribuido sobre la avenida Ju\u00e1rez, aunque un peque\u00f1o grupo de \u201cinvitados especiales\u201d tendr\u00e1 reservada una secci\u00f3n especial junto al escenario y a la pasarela del mismo.<\/p>\n\n\n\n<p>Para garantizar la seguridad de los asistentes a estos eventos, la Secretar\u00eda de Seguridad P\u00fablica (SSP) estatal inform\u00f3 que se desplegar\u00e1 un operativo con la participaci\u00f3n de 3 mil elementos de distintas corporaciones.<\/p>\n\n\n\n<p>A\u00fan no se contrata empresa que organizar\u00e1 concierto de Juli\u00f3n \u00c1lvarez<br>Aun cuando ya se anunci\u00f3 el concierto del cantante Juli\u00f3n \u00c1lvarez en el Paseo Bravo para el 15 de septiembre, con motivo de las fiestas patrias, el gobierno de Puebla apenas emiti\u00f3 la licitaci\u00f3n para contratar a una empresa que se encargue de la organizaci\u00f3n del evento y no ser\u00e1 hasta el 12 de septiembre cuando se emita el fallo.<\/p>\n\n\n\n<p>El contrato que lleva el nombre Servicio para el evento denominado Fiestas Patrias 2025 se aplicar\u00e1 del 12 al 17 de septiembre y contempla la contrataci\u00f3n de \u201ctalento art\u00edstico internacional\u201d junto con todos los elementos t\u00e9cnicos que se requieren para la presentaci\u00f3n.<\/p>\n\n\n\n<p>De acuerdo con la convocatoria, el proveedor deber\u00e1 considerar el pago del artista, as\u00ed como de \u201ccuota sindical, los vi\u00e1ticos, hospedaje y traslado del personal, camerinos, camper, catering, sin costo adicional para la contratante (Convenciones y Parques)\u201d.<\/p>\n","protected":false},"excerpt":{"rendered":"<p>El gobernador Alejandro Armenta Mier dar\u00e1 el primer Grito de Independencia de su mandato en el Palacio Municipal de Puebla junto al edil Jos\u00e9 Chedraui Budib, ello como parte de la celebraci\u00f3n de las fiestas patrias. El 15 de septiembre, el mandatario estatal protagonizar\u00e1 este acto protocolar cuya log\u00edstica y horarios a\u00fan no han sido [&hellip;]<\/p>\n","protected":false},"author":4,"featured_media":68073,"comment_status":"open","ping_status":"open","sticky":false,"template":"","format":"standard","meta":{"om_disable_all_campaigns":false,"_monsterinsights_skip_tracking":false,"_monsterinsights_sitenote_active":false,"_monsterinsights_sitenote_note":"","_monsterinsights_sitenote_category":0,"footnotes":""},"categories":[175],"tags":[239,223],"class_list":["post-68072","post","type-post","status-publish","format-standard","has-post-thumbnail","hentry","category-local","tag-gobierno","tag-puebla"],"amp_enabled":true,"_links":{"self":[{"href":"https:\/\/lahora.mx\/index.php\/wp-json\/wp\/v2\/posts\/68072","targetHints":{"allow":["GET"]}}],"collection":[{"href":"https:\/\/lahora.mx\/index.php\/wp-json\/wp\/v2\/posts"}],"about":[{"href":"https:\/\/lahora.mx\/index.php\/wp-json\/wp\/v2\/types\/post"}],"author":[{"embeddable":true,"href":"https:\/\/lahora.mx\/index.php\/wp-json\/wp\/v2\/users\/4"}],"replies":[{"embeddable":true,"href":"https:\/\/lahora.mx\/index.php\/wp-json\/wp\/v2\/comments?post=68072"}],"version-history":[{"count":1,"href":"https:\/\/lahora.mx\/index.php\/wp-json\/wp\/v2\/posts\/68072\/revisions"}],"predecessor-version":[{"id":68074,"href":"https:\/\/lahora.mx\/index.php\/wp-json\/wp\/v2\/posts\/68072\/revisions\/68074"}],"wp:featuredmedia":[{"embeddable":true,"href":"https:\/\/lahora.mx\/index.php\/wp-json\/wp\/v2\/media\/68073"}],"wp:attachment":[{"href":"https:\/\/lahora.mx\/index.php\/wp-json\/wp\/v2\/media?parent=68072"}],"wp:term":[{"taxonomy":"category","embeddable":true,"href":"https:\/\/lahora.mx\/index.php\/wp-json\/wp\/v2\/categories?post=68072"},{"taxonomy":"post_tag","embeddable":true,"href":"https:\/\/lahora.mx\/index.php\/wp-json\/wp\/v2\/tags?post=68072"}],"curies":[{"name":"wp","href":"https:\/\/api.w.org\/{rel}","templated":true}]}}