{"id":68066,"date":"2025-09-10T16:26:56","date_gmt":"2025-09-10T16:26:56","guid":{"rendered":"https:\/\/lahora.mx\/?p=68066"},"modified":"2025-09-10T16:26:56","modified_gmt":"2025-09-10T16:26:56","slug":"por-primera-vez-gobierno-de-puebla-se-capacita-en-materia-de-derechos-humanos","status":"publish","type":"post","link":"https:\/\/lahora.mx\/index.php\/2025\/09\/10\/por-primera-vez-gobierno-de-puebla-se-capacita-en-materia-de-derechos-humanos\/","title":{"rendered":"Por primera vez, Gobierno de Puebla se capacita en materia de Derechos Humanos"},"content":{"rendered":"\n<p>Como un hecho sin precedentes y con el fin de fortalecer el servicio p\u00fablico, funcionarios estatales, integrantes del gabinete del Gobierno de Puebla, encabezados por el gobernador Alejandro Armenta, recibieron una capacitaci\u00f3n en materia de Procedimiento de Queja, la figura de la Conciliaci\u00f3n y la Recomendaci\u00f3n, por parte de la presidenta de la Comisi\u00f3n de Derechos Humanos del Estado (CDH), Isela S\u00e1nchez Soya.<\/p>\n\n\n\n<p>El mandatario estatal expres\u00f3 que el respeto a los derechos humanos es inherente al cargo y que los derechos sociales universales han evolucionado en su aplicaci\u00f3n, en los objetivos, por ello hizo un llamado a las y los secretarios a cuidar su actuar, para no incurrir en violaciones durante su desempe\u00f1o, donde se vea afectado alg\u00fan ciudadano.<br><br>Adem\u00e1s, reconoci\u00f3 el trabajo que realiza la comisionada S\u00e1nchez Soya al imponer dinamismo al desempe\u00f1o de este organismo y realizar visitas a penales, acudir a foros o encuentros, con el fin, no solo de verificar que se cumpla con el respeto de los derechos de las y los poblanos en cualquier circunstancia, sino de promover el conocimiento sobre los mismos.<\/p>\n\n\n\n<p>La presidenta de la CDH, Isela S\u00e1nchez Soya explic\u00f3 que una conciliaci\u00f3n es aquella resoluci\u00f3n emitida por la visitadur\u00eda general correspondiente, donde se sugiere un procedimiento a las autoridades se\u00f1aladas como responsables de cometer actos u omisiones, que no refieran violaciones graves a los derechos a fin de resarcir el derecho humano que sea vulnerado. Respecto a la queja, explic\u00f3 que es una solicitud que una persona hace, ya sea de manera escrita, verbal o en lenguaje de se\u00f1as, para que la CDH investigue la presunta violaci\u00f3n de derechos, por actos u omisiones cometidas por un funcionario ya sea estatal o municipal.<\/p>\n\n\n\n<p>Finalmente, el titular de la Secretar\u00eda de Anticorrupci\u00f3n y Buen Gobierno, Alejandro Espidio resalt\u00f3 la trascendencia de que las y los funcionarios estatales sean capacitados para desempe\u00f1ar su cargo con perspectiva de derechos humanos.<\/p>\n","protected":false},"excerpt":{"rendered":"<p>Como un hecho sin precedentes y con el fin de fortalecer el servicio p\u00fablico, funcionarios estatales, integrantes del gabinete del Gobierno de Puebla, encabezados por el gobernador Alejandro Armenta, recibieron una capacitaci\u00f3n en materia de Procedimiento de Queja, la figura de la Conciliaci\u00f3n y la Recomendaci\u00f3n, por parte de la presidenta de la Comisi\u00f3n de [&hellip;]<\/p>\n","protected":false},"author":4,"featured_media":68067,"comment_status":"open","ping_status":"open","sticky":false,"template":"","format":"standard","meta":{"om_disable_all_campaigns":false,"_monsterinsights_skip_tracking":false,"_monsterinsights_sitenote_active":false,"_monsterinsights_sitenote_note":"","_monsterinsights_sitenote_category":0,"footnotes":""},"categories":[175],"tags":[239],"class_list":["post-68066","post","type-post","status-publish","format-standard","has-post-thumbnail","hentry","category-local","tag-gobierno"],"amp_enabled":true,"_links":{"self":[{"href":"https:\/\/lahora.mx\/index.php\/wp-json\/wp\/v2\/posts\/68066","targetHints":{"allow":["GET"]}}],"collection":[{"href":"https:\/\/lahora.mx\/index.php\/wp-json\/wp\/v2\/posts"}],"about":[{"href":"https:\/\/lahora.mx\/index.php\/wp-json\/wp\/v2\/types\/post"}],"author":[{"embeddable":true,"href":"https:\/\/lahora.mx\/index.php\/wp-json\/wp\/v2\/users\/4"}],"replies":[{"embeddable":true,"href":"https:\/\/lahora.mx\/index.php\/wp-json\/wp\/v2\/comments?post=68066"}],"version-history":[{"count":1,"href":"https:\/\/lahora.mx\/index.php\/wp-json\/wp\/v2\/posts\/68066\/revisions"}],"predecessor-version":[{"id":68068,"href":"https:\/\/lahora.mx\/index.php\/wp-json\/wp\/v2\/posts\/68066\/revisions\/68068"}],"wp:featuredmedia":[{"embeddable":true,"href":"https:\/\/lahora.mx\/index.php\/wp-json\/wp\/v2\/media\/68067"}],"wp:attachment":[{"href":"https:\/\/lahora.mx\/index.php\/wp-json\/wp\/v2\/media?parent=68066"}],"wp:term":[{"taxonomy":"category","embeddable":true,"href":"https:\/\/lahora.mx\/index.php\/wp-json\/wp\/v2\/categories?post=68066"},{"taxonomy":"post_tag","embeddable":true,"href":"https:\/\/lahora.mx\/index.php\/wp-json\/wp\/v2\/tags?post=68066"}],"curies":[{"name":"wp","href":"https:\/\/api.w.org\/{rel}","templated":true}]}}