{"id":68045,"date":"2025-09-10T01:02:45","date_gmt":"2025-09-10T01:02:45","guid":{"rendered":"https:\/\/lahora.mx\/?p=68045"},"modified":"2025-09-10T01:02:46","modified_gmt":"2025-09-10T01:02:46","slug":"el-congreso-no-es-sala-de-tramite-ni-fabrica-de-leyes-defiende-laura-artemisa-garcia-en-informe","status":"publish","type":"post","link":"https:\/\/lahora.mx\/index.php\/2025\/09\/10\/el-congreso-no-es-sala-de-tramite-ni-fabrica-de-leyes-defiende-laura-artemisa-garcia-en-informe\/","title":{"rendered":"El Congreso no es sala de tr\u00e1mite ni f\u00e1brica de leyes, defiende Laura Artemisa Garc\u00eda en informe"},"content":{"rendered":"\n<p>El Congreso de Puebla ha dado tr\u00e1mite a mil 127 asuntos en el \u00faltimo a\u00f1o, presumi\u00f3 la presidenta de la Junta de Gobierno y Coordinaci\u00f3n Pol\u00edtica, Laura Artemisa Garc\u00eda Ch\u00e1vez, quien rindi\u00f3 el primer informe de labores de la LXII legislatura con la consigna de que no hay protagonismos en el Poder Legislativo.<\/p>\n\n\n\n<p>La coordinadora de los diputados de Morena fue la encargada de comparecer este jueves, con el espaldarazo del gobernador Alejandro Armenta Mier, alcaldes y tambi\u00e9n la dirigencia de su partido.<br>Abordar\u00e1 Congreso de Puebla modificaci\u00f3n en favor de las infancias trans el pr\u00f3ximo periodo legislativo<br>Fue el pasado 13 de agosto cuando la SCJN public\u00f3 el extracto del acuerdo m\u00e1s reciente<br>En su mensaje, afirm\u00f3 que el Congreso \u201cno es una sala de tr\u00e1mite ni una f\u00e1brica de leyes\u201d, pues asever\u00f3 que se discuten las iniciativas y hay consenso entre los diputados de las distintas bancadas.<\/p>\n\n\n\n<p>\u201cNo competimos con el Poder Ejecutivo ni se\u00f1alamos al Poder Judicial, nos complementamos con altura institucional, sin protagonismos est\u00e9riles ni falsas superioridades, porque es en la cooperaci\u00f3n donde florecen los proyectos transformadores\u201d, dijo.<\/p>\n\n\n\n<p>Garc\u00eda Ch\u00e1vez presumi\u00f3 que encabeza la \u201clegislatura m\u00e1s productiva\u201c, con la presentaci\u00f3n de 809 iniciativas y mil 127 asuntos desahogados, pese a que 364 son puntos de acuerdo, los conocidos exhortos a otras dependencias que no son vinculantes.<\/p>\n\n\n\n<p>Adem\u00e1s, la mayor\u00eda de temas fueron heredados, pues discutieron 336 iniciativas y 58 acuerdos de la LXI legislatura, correspondiente al periodo 2021-2024, entre ellas la declaraci\u00f3n de improcedencia para varias propuestas.<br>Logros del Congreso de Puebla en su primer a\u00f1o<br>Garc\u00eda Ch\u00e1vez destac\u00f3 el nombramiento de Idamis Pastor Betancourt como fiscal, as\u00ed como la designaci\u00f3n de Rosa Isela S\u00e1nchez como presidenta de la Comisi\u00f3n de Derechos Humanos del Estado.<\/p>\n\n\n\n<p>En el periodo, tambi\u00e9n se modific\u00f3 la Constituci\u00f3n para incluir la diputaci\u00f3n migrante, prohibir la reelecci\u00f3n y el nepotismo electoral, adem\u00e1s de la elecci\u00f3n de jueces locales por voto directo.<\/p>\n\n\n\n<p>Tambi\u00e9n se expidieron las nuevas leyes para la Prevenci\u00f3n Social y Comunitaria de la Violencia y la Delincuencia, as\u00ed como la de Transparencia y Acceso a la Informaci\u00f3n, junto con la Ley Org\u00e1nica de la Administraci\u00f3n P\u00fablica.<br>Diputados locales de Puebla gastar\u00e1n hasta 200 mil pesos en sus informes de labores<br>El Congreso destinar\u00e1 aproximadamente 8 millones 200 mil pesos para este ejercicio de rendici\u00f3n de cuentas<br>Garc\u00eda Ch\u00e1vez destac\u00f3 la aprobaci\u00f3n de la reforma en materia de seguridad, que tipifica los delitos de usurpaci\u00f3n y espionaje digital, junto con el ciberasedio. Adem\u00e1s, resalt\u00f3 la reforma a la Ley de Movilidad para imponer nuevos requisitos a motociclistas conocida como la \u201cLey Chaleco\u201d.<\/p>\n\n\n\n<p>A fin de garantizar la prestaci\u00f3n de servicios, record\u00f3 la designaci\u00f3n de Concejos Municipales en Ahuazotepec, Cuautempan, Ciudad Serd\u00e1n, San Nicol\u00e1s Buenos Aires y Tlachichuca, donde los Cabildos electos renunciaron.<\/p>\n","protected":false},"excerpt":{"rendered":"<p>El Congreso de Puebla ha dado tr\u00e1mite a mil 127 asuntos en el \u00faltimo a\u00f1o, presumi\u00f3 la presidenta de la Junta de Gobierno y Coordinaci\u00f3n Pol\u00edtica, Laura Artemisa Garc\u00eda Ch\u00e1vez, quien rindi\u00f3 el primer informe de labores de la LXII legislatura con la consigna de que no hay protagonismos en el Poder Legislativo. La coordinadora [&hellip;]<\/p>\n","protected":false},"author":4,"featured_media":68046,"comment_status":"open","ping_status":"open","sticky":false,"template":"","format":"standard","meta":{"om_disable_all_campaigns":false,"_monsterinsights_skip_tracking":false,"_monsterinsights_sitenote_active":false,"_monsterinsights_sitenote_note":"","_monsterinsights_sitenote_category":0,"footnotes":""},"categories":[175],"tags":[227,223],"class_list":["post-68045","post","type-post","status-publish","format-standard","has-post-thumbnail","hentry","category-local","tag-congreso","tag-puebla"],"amp_enabled":true,"_links":{"self":[{"href":"https:\/\/lahora.mx\/index.php\/wp-json\/wp\/v2\/posts\/68045","targetHints":{"allow":["GET"]}}],"collection":[{"href":"https:\/\/lahora.mx\/index.php\/wp-json\/wp\/v2\/posts"}],"about":[{"href":"https:\/\/lahora.mx\/index.php\/wp-json\/wp\/v2\/types\/post"}],"author":[{"embeddable":true,"href":"https:\/\/lahora.mx\/index.php\/wp-json\/wp\/v2\/users\/4"}],"replies":[{"embeddable":true,"href":"https:\/\/lahora.mx\/index.php\/wp-json\/wp\/v2\/comments?post=68045"}],"version-history":[{"count":1,"href":"https:\/\/lahora.mx\/index.php\/wp-json\/wp\/v2\/posts\/68045\/revisions"}],"predecessor-version":[{"id":68047,"href":"https:\/\/lahora.mx\/index.php\/wp-json\/wp\/v2\/posts\/68045\/revisions\/68047"}],"wp:featuredmedia":[{"embeddable":true,"href":"https:\/\/lahora.mx\/index.php\/wp-json\/wp\/v2\/media\/68046"}],"wp:attachment":[{"href":"https:\/\/lahora.mx\/index.php\/wp-json\/wp\/v2\/media?parent=68045"}],"wp:term":[{"taxonomy":"category","embeddable":true,"href":"https:\/\/lahora.mx\/index.php\/wp-json\/wp\/v2\/categories?post=68045"},{"taxonomy":"post_tag","embeddable":true,"href":"https:\/\/lahora.mx\/index.php\/wp-json\/wp\/v2\/tags?post=68045"}],"curies":[{"name":"wp","href":"https:\/\/api.w.org\/{rel}","templated":true}]}}