{"id":68042,"date":"2025-09-10T00:38:24","date_gmt":"2025-09-10T00:38:24","guid":{"rendered":"https:\/\/lahora.mx\/?p=68042"},"modified":"2025-09-10T00:38:25","modified_gmt":"2025-09-10T00:38:25","slug":"puebla-proyecta-presupuesto-de-130-mil-millones-de-pesos-para-2026","status":"publish","type":"post","link":"https:\/\/lahora.mx\/index.php\/2025\/09\/10\/puebla-proyecta-presupuesto-de-130-mil-millones-de-pesos-para-2026\/","title":{"rendered":"Puebla proyecta presupuesto de 130 mil millones de pesos para 2026"},"content":{"rendered":"\n<p>La secretaria de Planeaci\u00f3n y Finanzas del Gobierno del Estado de Puebla, Josefina Morales, inform\u00f3 que, el estado proyecta un presupuesto de 130 mil millones de pesos para 2026, derivado del Proyecto de Presupuesto de Egresos de la Federaci\u00f3n (PEF), presentado ayer 8 de septiembre en el Congreso de la Uni\u00f3n.<\/p>\n\n\n\n<p>Durante la conferencia de prensa del gobernador Alejandro Armenta, la funcionaria explic\u00f3 que, para el Paquete Econ\u00f3mico se proyecta un crecimiento nominal del 3.1\u202fpor ciento, mientras que la recaudaci\u00f3n del estado se estima en 12 mil millones de pesos para el a\u00f1o pr\u00f3ximo.<\/p>\n\n\n\n<p>\u201cEstimamos aproximadamente 130 mil millones de pesos para el 2026. Insisto, es muy preliminar, tendremos que revisar el Fondo General, que es el concepto de mayor importancia para el estado y en base a eso determinaremos cu\u00e1l es el importe\u201d, explic\u00f3 la secretaria.<\/p>\n\n\n\n<p>La secretaria Morales Guerrero aclar\u00f3 que, dichas proyecciones, se apegan a los criterios que marc\u00f3 la Federaci\u00f3n, pues apenas la noche de ayer lunes se entreg\u00f3 el Paquete Econ\u00f3mico al Congreso y todav\u00eda no se cuenta con la base de datos completa, que permitir\u00e1 identificar los recursos que corresponden a Puebla.<\/p>\n\n\n\n<p>\u201cLa estimaci\u00f3n que estamos realizando desde la Secretar\u00eda de Finanzas, es apegada a los criterios de pol\u00edtica-econ\u00f3mica que dicta la Secretar\u00eda de Hacienda y Cr\u00e9dito P\u00fablico. Efectivamente, anoche, a las 10:30 de la noche, se present\u00f3 el Paquete Econ\u00f3mico. Todav\u00eda no est\u00e1 la base de datos con la cual nosotros podemos revisar los conceptos que le van a participar a Puebla, sin embargo, en el Ramo 33, ya hay una publicaci\u00f3n de lo que el estado de Puebla va a recibir para el ejercicio fiscal\u201d, indic\u00f3.<\/p>\n\n\n\n<p>La funcionaria destac\u00f3 que, se prev\u00e9 un ligero crecimiento en las asignaciones, aunque precis\u00f3 que, en t\u00e9rminos reales, este incremento no se reflejar\u00e1 de manera significativa.<\/p>\n\n\n\n<p>\u201cLa proyecci\u00f3n que traemos para la entidad s\u00ed tiene un crecimiento nominal. En t\u00e9rminos reales, seguramente no vamos a presentar un crecimiento. Estimamos 3.1 por ciento, que es tambi\u00e9n el crecimiento que est\u00e1 presentando el proyecto de egresos de la Federaci\u00f3n\u201d, coment\u00f3.<\/p>\n\n\n\n<p>En cuanto a la integraci\u00f3n del presupuesto, precis\u00f3 que, m\u00e1s de la mitad de los recursos corresponden a ingresos propios de la entidad y a fondos que provienen del Ramo 28 del Presupuesto de Egresos de la Federaci\u00f3n, referente a las Participaciones a Entidades Federativas y Municipios.<\/p>\n\n\n\n<p>\u201cLa integraci\u00f3n es de 130 mil millones; estamos estimando que el 57 por ciento correspondan a ingresos propios del estado, los cuales se componen de la recaudaci\u00f3n que est\u00e1 estimada en 12 mil millones de pesos, m\u00e1s lo que es el Ramo 28, donde el rubro m\u00e1s importante es el Fondo General de Participaciones. En lo que corresponde al Ramo de las aportaciones, representa el 43 por ciento de recursos federales\u201d, puntualiz\u00f3.<\/p>\n\n\n\n<p>Respecto al sector salud, asegur\u00f3 que, los recursos no se reducir\u00e1n, sino que ahora ser\u00e1n ejercidos directamente por la Federaci\u00f3n mediante el modelo IMSS-Bienestar.<\/p>\n\n\n\n<p>\u201cEn el rubro de salud, los recursos no es que disminuyan para las entidades federativas, m\u00e1s bien, con el modelo de IMSS-Bienestar, los recursos los ejecuta directamente la Federaci\u00f3n y estaremos viendo cu\u00e1nto es el presupuesto que corresponde a este rubro\u201d, detall\u00f3.<\/p>\n\n\n\n<p>Adem\u00e1s, anunci\u00f3 que, el gobierno del estado impulsar\u00e1 un programa m\u00e1s robusto de fiscalizaci\u00f3n, con el objetivo de incrementar los ingresos propios, en l\u00ednea con la estrategia del Gobierno Federal.<\/p>\n\n\n\n<p>\u201cEn el caso de la recaudaci\u00f3n, tambi\u00e9n traemos un programa mucho m\u00e1s fuerte en el tema de la fiscalizaci\u00f3n y ah\u00ed estimamos aproximadamente 800 millones adicionales de lo que hoy hab\u00edamos presupuestado. Estamos hablando aproximadamente de 12 mil millones de pesos en lo que es la recaudaci\u00f3n de ingresos propios del estado\u201d, se\u00f1al\u00f3.<\/p>\n","protected":false},"excerpt":{"rendered":"<p>La secretaria de Planeaci\u00f3n y Finanzas del Gobierno del Estado de Puebla, Josefina Morales, inform\u00f3 que, el estado proyecta un presupuesto de 130 mil millones de pesos para 2026, derivado del Proyecto de Presupuesto de Egresos de la Federaci\u00f3n (PEF), presentado ayer 8 de septiembre en el Congreso de la Uni\u00f3n. Durante la conferencia de [&hellip;]<\/p>\n","protected":false},"author":4,"featured_media":68043,"comment_status":"open","ping_status":"open","sticky":false,"template":"","format":"standard","meta":{"om_disable_all_campaigns":false,"_monsterinsights_skip_tracking":false,"_monsterinsights_sitenote_active":false,"_monsterinsights_sitenote_note":"","_monsterinsights_sitenote_category":0,"footnotes":""},"categories":[175],"tags":[195,223],"class_list":["post-68042","post","type-post","status-publish","format-standard","has-post-thumbnail","hentry","category-local","tag-principal","tag-puebla"],"amp_enabled":true,"_links":{"self":[{"href":"https:\/\/lahora.mx\/index.php\/wp-json\/wp\/v2\/posts\/68042","targetHints":{"allow":["GET"]}}],"collection":[{"href":"https:\/\/lahora.mx\/index.php\/wp-json\/wp\/v2\/posts"}],"about":[{"href":"https:\/\/lahora.mx\/index.php\/wp-json\/wp\/v2\/types\/post"}],"author":[{"embeddable":true,"href":"https:\/\/lahora.mx\/index.php\/wp-json\/wp\/v2\/users\/4"}],"replies":[{"embeddable":true,"href":"https:\/\/lahora.mx\/index.php\/wp-json\/wp\/v2\/comments?post=68042"}],"version-history":[{"count":1,"href":"https:\/\/lahora.mx\/index.php\/wp-json\/wp\/v2\/posts\/68042\/revisions"}],"predecessor-version":[{"id":68044,"href":"https:\/\/lahora.mx\/index.php\/wp-json\/wp\/v2\/posts\/68042\/revisions\/68044"}],"wp:featuredmedia":[{"embeddable":true,"href":"https:\/\/lahora.mx\/index.php\/wp-json\/wp\/v2\/media\/68043"}],"wp:attachment":[{"href":"https:\/\/lahora.mx\/index.php\/wp-json\/wp\/v2\/media?parent=68042"}],"wp:term":[{"taxonomy":"category","embeddable":true,"href":"https:\/\/lahora.mx\/index.php\/wp-json\/wp\/v2\/categories?post=68042"},{"taxonomy":"post_tag","embeddable":true,"href":"https:\/\/lahora.mx\/index.php\/wp-json\/wp\/v2\/tags?post=68042"}],"curies":[{"name":"wp","href":"https:\/\/api.w.org\/{rel}","templated":true}]}}