{"id":67982,"date":"2025-09-07T00:34:55","date_gmt":"2025-09-07T00:34:55","guid":{"rendered":"https:\/\/lahora.mx\/?p=67982"},"modified":"2025-09-24T14:48:32","modified_gmt":"2025-09-24T14:48:32","slug":"comision-electoral-buap-investigara-agresion-contra-cedillo-y-jovenes","status":"publish","type":"post","link":"https:\/\/lahora.mx\/index.php\/2025\/09\/07\/comision-electoral-buap-investigara-agresion-contra-cedillo-y-jovenes\/","title":{"rendered":"Comisi\u00f3n Electoral BUAP investigar\u00e1 agresi\u00f3n contra Cedillo y j\u00f3venes"},"content":{"rendered":"\n<p>La Benem\u00e9rita Universidad Aut\u00f3noma de Puebla (BUAP) anunci\u00f3 que investigar\u00e1n al grupo de personas que agredi\u00f3 a la candidata a la rector\u00eda Mar\u00eda Lilia Cedillo Ram\u00edrez y a estudiantes al salir del Edificio Carolino.<\/p>\n\n\n\n<p>Esta tarde Roberto Gallardo, representante general de la candidata Lilia Cedillo, denunci\u00f3 ante la Comisi\u00f3n Electoral las agresiones de las que fueron v\u00edctimas al salir del Edificio Carolino luego de presentar su plan de trabajo.<\/p>\n\n\n\n<p>De acuerdo con lo narrado por el representante de la rectora, al salir del inmueble un grupo personas los esperaban afuera y comenzaron a hostigarlos durante su recorrido para que abordara su autom\u00f3vil Lilia Cedillo.<\/p>\n\n\n\n<p>\u00abSe detectaron por ah\u00ed unas armas blancas, muchas consignas de una manera muy violenta, violencia verbal y f\u00edsica, no solamente para m\u00ed, sino tambi\u00e9n para miembros de la comunidad universitaria\u00bb, coment\u00f3.<\/p>\n\n\n\n<p>Seg\u00fan lo denunciado en ese trayecto hubo empujones, golpes y consignas violentas, adem\u00e1s de que rociaron algunos l\u00edquidos contra el veh\u00edculo, y hab\u00eda la presencia de algunas personas con armas blancas.<\/p>\n\n\n\n<p>La abogada general de la BUAP, Miriam Ponce, adelant\u00f3 que realizar\u00e1n las investigaciones correspondientes para fincar responsabilidades contra los presuntos responsables.<\/p>\n\n\n\n<p>Indicaron que hasta el momento no se tiene certeza si las personas involucradas son estudiantes o personas externas a la instituci\u00f3n.<\/p>\n\n\n\n<p>Se\u00f1alaron que los docentes y alumnos que fueron agredidos ya est\u00e1n siendo atendidos en la Defensor\u00eda de los Derechos Universitarios.<\/p>\n\n\n\n<p>El secretario general de la BUAP, Jos\u00e9 Manuel Alonso Orozco, garantiz\u00f3 que se tendr\u00e1 un ambiente \u00f3ptimo en la jornada electoral que se realizar\u00e1 el 10 de septiembre.<\/p>\n\n\n\n<p>Este 8 de septiembre, los tres candidatos a la rector\u00eda de la BUAP, acudieron ante el Consejo Universitario para exponer su plan de trabajo de lo que planean realizar en caso de ser los nuevos rectores.<\/p>\n","protected":false},"excerpt":{"rendered":"<p>La Benem\u00e9rita Universidad Aut\u00f3noma de Puebla (BUAP) anunci\u00f3 que investigar\u00e1n al grupo de personas que agredi\u00f3 a la candidata a la rector\u00eda Mar\u00eda Lilia Cedillo Ram\u00edrez y a estudiantes al salir del Edificio Carolino. Esta tarde Roberto Gallardo, representante general de la candidata Lilia Cedillo, denunci\u00f3 ante la Comisi\u00f3n Electoral las agresiones de las que [&hellip;]<\/p>\n","protected":false},"author":4,"featured_media":67983,"comment_status":"open","ping_status":"open","sticky":false,"template":"","format":"standard","meta":{"om_disable_all_campaigns":false,"_monsterinsights_skip_tracking":false,"_monsterinsights_sitenote_active":false,"_monsterinsights_sitenote_note":"","_monsterinsights_sitenote_category":0,"footnotes":""},"categories":[175],"tags":[186,195,223],"class_list":["post-67982","post","type-post","status-publish","format-standard","has-post-thumbnail","hentry","category-local","tag-buap","tag-principal","tag-puebla"],"amp_enabled":true,"_links":{"self":[{"href":"https:\/\/lahora.mx\/index.php\/wp-json\/wp\/v2\/posts\/67982","targetHints":{"allow":["GET"]}}],"collection":[{"href":"https:\/\/lahora.mx\/index.php\/wp-json\/wp\/v2\/posts"}],"about":[{"href":"https:\/\/lahora.mx\/index.php\/wp-json\/wp\/v2\/types\/post"}],"author":[{"embeddable":true,"href":"https:\/\/lahora.mx\/index.php\/wp-json\/wp\/v2\/users\/4"}],"replies":[{"embeddable":true,"href":"https:\/\/lahora.mx\/index.php\/wp-json\/wp\/v2\/comments?post=67982"}],"version-history":[{"count":1,"href":"https:\/\/lahora.mx\/index.php\/wp-json\/wp\/v2\/posts\/67982\/revisions"}],"predecessor-version":[{"id":67984,"href":"https:\/\/lahora.mx\/index.php\/wp-json\/wp\/v2\/posts\/67982\/revisions\/67984"}],"wp:featuredmedia":[{"embeddable":true,"href":"https:\/\/lahora.mx\/index.php\/wp-json\/wp\/v2\/media\/67983"}],"wp:attachment":[{"href":"https:\/\/lahora.mx\/index.php\/wp-json\/wp\/v2\/media?parent=67982"}],"wp:term":[{"taxonomy":"category","embeddable":true,"href":"https:\/\/lahora.mx\/index.php\/wp-json\/wp\/v2\/categories?post=67982"},{"taxonomy":"post_tag","embeddable":true,"href":"https:\/\/lahora.mx\/index.php\/wp-json\/wp\/v2\/tags?post=67982"}],"curies":[{"name":"wp","href":"https:\/\/api.w.org\/{rel}","templated":true}]}}