{"id":67936,"date":"2025-09-07T21:07:05","date_gmt":"2025-09-07T21:07:05","guid":{"rendered":"https:\/\/lahora.mx\/?p=67936"},"modified":"2025-09-07T21:08:13","modified_gmt":"2025-09-07T21:08:13","slug":"reune-alfonso-sanchez-garcia-a-los-tres-poderes-y-a-la-clase-politica-estatal-y-nacional-en-su-primer-informe","status":"publish","type":"post","link":"https:\/\/lahora.mx\/index.php\/2025\/09\/07\/reune-alfonso-sanchez-garcia-a-los-tres-poderes-y-a-la-clase-politica-estatal-y-nacional-en-su-primer-informe\/","title":{"rendered":"Re\u00fane Alfonso S\u00e1nchez Garc\u00eda a los tres poderes y a la clase pol\u00edtica estatal y nacional en su primer informe"},"content":{"rendered":"\n<p>El Primer Informe de Gobierno de Alfonso S\u00e1nchez Garc\u00eda congreg\u00f3 a los representantes de los tres poderes: Ejecutivo, Legislativo y Judicial, as\u00ed como a representantes de la clase pol\u00edtica estatal y nacional, quienes con su presencia respaldaron el trabajo que la administraci\u00f3n municipal realiza en beneficio de la ciudadan\u00eda.<\/p>\n\n\n\n<p>La gobernadora Lorena Cu\u00e9llar Cisneros fungi\u00f3 como invitada de honor en este evento protocolario, quien aplaudi\u00f3 los logros m\u00e1s importantes alcanzados por la administraci\u00f3n municipal.<\/p>\n\n\n\n<p>En ese mismo sentido se manifestaron la presidenta de la Mesa Directiva del Congreso del Estado, la diputada Maribel Le\u00f3n, y dem\u00e1s diputadas y diputados del Congreso local.<\/p>\n\n\n\n<p>A su vez, la Presidenta del Tribunal Superior de Justicia de Tlaxcala, Fanny Margarita Amador Montes; el titular del \u00d3rgano de Administraci\u00f3n Judicial, Sergio P\u00e9rez George, y la Presidenta del Tribunal de Disciplina Judicial, Violeta Fern\u00e1ndez V\u00e1zquez, coincidieron en reconocer los avances de esta administraci\u00f3n municipal.<\/p>\n\n\n\n<p>Como invitada especial figur\u00f3 la exgobernadora de Tlaxcala, Beatriz Paredes Rangel, quien destac\u00f3 la claridad del mensaje del alcalde capitalino y el rumbo favorable que ha tomado la administraci\u00f3n de la capital.<\/p>\n\n\n\n<figure class=\"wp-block-image size-full\"><img fetchpriority=\"high\" decoding=\"async\" width=\"807\" height=\"548\" src=\"https:\/\/lahora.mx\/wp-content\/uploads\/2025\/09\/Captura-de-Pantalla-2025-09-07-a-las-15.06.29.png\" alt=\"\" class=\"wp-image-67938\" srcset=\"https:\/\/lahora.mx\/wp-content\/uploads\/2025\/09\/Captura-de-Pantalla-2025-09-07-a-las-15.06.29.png 807w, https:\/\/lahora.mx\/wp-content\/uploads\/2025\/09\/Captura-de-Pantalla-2025-09-07-a-las-15.06.29-300x204.png 300w, https:\/\/lahora.mx\/wp-content\/uploads\/2025\/09\/Captura-de-Pantalla-2025-09-07-a-las-15.06.29-768x522.png 768w\" sizes=\"(max-width: 807px) 100vw, 807px\" \/><\/figure>\n\n\n\n<p>\u201cTlaxcala capital est\u00e1 en la ruta del desarrollo fundamental\u201d, dijo luego de considerar que el informe de Alfonso S\u00e1nchez fue muy completo y que utiliz\u00f3 los medios de comunicaci\u00f3n para ampliar su impacto. \u201cEstuvo muy bien logrado y muy \u00e1gil\u201d, enfatiz\u00f3 la tambi\u00e9n senadora en retiro en entrevista con medios de comunicaci\u00f3n.<\/p>\n\n\n\n<p>En el mismo tenor, Josefina Rodr\u00edguez Zamora, secretaria de Turismo de M\u00e9xico, reconoci\u00f3 ante periodistas la sinton\u00eda de S\u00e1nchez Garc\u00eda con el modelo de gobierno encabezado por Claudia Sheinbaum Pardo.<\/p>\n\n\n\n<p>\u201cMuy contenta de estar en este informe de nuestro amigo Alfonso S\u00e1nchez Garc\u00eda. Me complace mucho escuchar acciones que van para nuestra gente. Yo aplaudo que est\u00e9 generando una palabra que la presidenta y que todos los funcionarios buscamos: prosperidad para nuestra gente\u201d, remarc\u00f3 la funcionaria federal.<\/p>\n\n\n\n<p>El respaldo municipal tambi\u00e9n se hizo presente con Jos\u00e9 Manuel Jim\u00e9nez del Razo, alcalde de Calpulalpan, quien recalc\u00f3 que: \u201cFue un informe de lujo. Yo quiero felicitar a mi amigo, el arquitecto Alfonso S\u00e1nchez Garc\u00eda, por este gran logro. Se ve un cambio significativo en la capital y yo s\u00e9 que, en su mandato, la capital va a tener un cambio radical, porque tiene un gran coraz\u00f3n para servir al pueblo de Tlaxcala\u201d.<\/p>\n\n\n\n<p>A su vez, la presidenta municipal de Tlaxco, Diana Torrej\u00f3n Rodr\u00edguez, subray\u00f3 la consolidaci\u00f3n del equipo de trabajo del edil. \u201cEstoy muy contenta, agradecida por la invitaci\u00f3n, pero sobre todo porque veo reflejado un gobierno municipal consolidado, con un equipo que s\u00ed sabe lo que quiere y con objetivos claros para que a Tlaxcala capital le vaya bien\u201d.<\/p>\n\n\n\n<p>Por su parte, Violeta Fern\u00e1ndez V\u00e1zquez, magistrada presidenta del Tribunal de Disciplina Judicial, reconoci\u00f3 los avances de la administraci\u00f3n en estos primeros 12 meses.<\/p>\n\n\n\n<p>\u201cEstoy muy contenta de haber tenido la oportunidad de venir al primer informe de nuestro presidente municipal de Tlaxcala, la verdad es que es un gran trabajo el que est\u00e1 haciendo, podemos ver muchas mejoras a nuestro municipio, lo felicito y segura estoy que seguir\u00e1 trabajando de la misma manera\u201d, manifest\u00f3.<\/p>\n","protected":false},"excerpt":{"rendered":"<p>El Primer Informe de Gobierno de Alfonso S\u00e1nchez Garc\u00eda congreg\u00f3 a los representantes de los tres poderes: Ejecutivo, Legislativo y Judicial, as\u00ed como a representantes de la clase pol\u00edtica estatal y nacional, quienes con su presencia respaldaron el trabajo que la administraci\u00f3n municipal realiza en beneficio de la ciudadan\u00eda. La gobernadora Lorena Cu\u00e9llar Cisneros fungi\u00f3 [&hellip;]<\/p>\n","protected":false},"author":4,"featured_media":67937,"comment_status":"open","ping_status":"open","sticky":false,"template":"","format":"standard","meta":{"om_disable_all_campaigns":false,"_monsterinsights_skip_tracking":false,"_monsterinsights_sitenote_active":false,"_monsterinsights_sitenote_note":"","_monsterinsights_sitenote_category":0,"footnotes":""},"categories":[5],"tags":[128],"class_list":["post-67936","post","type-post","status-publish","format-standard","has-post-thumbnail","hentry","category-politica","tag-politics"],"amp_enabled":true,"_links":{"self":[{"href":"https:\/\/lahora.mx\/index.php\/wp-json\/wp\/v2\/posts\/67936","targetHints":{"allow":["GET"]}}],"collection":[{"href":"https:\/\/lahora.mx\/index.php\/wp-json\/wp\/v2\/posts"}],"about":[{"href":"https:\/\/lahora.mx\/index.php\/wp-json\/wp\/v2\/types\/post"}],"author":[{"embeddable":true,"href":"https:\/\/lahora.mx\/index.php\/wp-json\/wp\/v2\/users\/4"}],"replies":[{"embeddable":true,"href":"https:\/\/lahora.mx\/index.php\/wp-json\/wp\/v2\/comments?post=67936"}],"version-history":[{"count":1,"href":"https:\/\/lahora.mx\/index.php\/wp-json\/wp\/v2\/posts\/67936\/revisions"}],"predecessor-version":[{"id":67939,"href":"https:\/\/lahora.mx\/index.php\/wp-json\/wp\/v2\/posts\/67936\/revisions\/67939"}],"wp:featuredmedia":[{"embeddable":true,"href":"https:\/\/lahora.mx\/index.php\/wp-json\/wp\/v2\/media\/67937"}],"wp:attachment":[{"href":"https:\/\/lahora.mx\/index.php\/wp-json\/wp\/v2\/media?parent=67936"}],"wp:term":[{"taxonomy":"category","embeddable":true,"href":"https:\/\/lahora.mx\/index.php\/wp-json\/wp\/v2\/categories?post=67936"},{"taxonomy":"post_tag","embeddable":true,"href":"https:\/\/lahora.mx\/index.php\/wp-json\/wp\/v2\/tags?post=67936"}],"curies":[{"name":"wp","href":"https:\/\/api.w.org\/{rel}","templated":true}]}}