{"id":67930,"date":"2025-09-07T19:50:18","date_gmt":"2025-09-07T19:50:18","guid":{"rendered":"https:\/\/lahora.mx\/?p=67930"},"modified":"2025-09-07T19:50:19","modified_gmt":"2025-09-07T19:50:19","slug":"vienen-meses-en-los-que-aumentan-casos-de-suicidio-alerta-ssp-puebla","status":"publish","type":"post","link":"https:\/\/lahora.mx\/index.php\/2025\/09\/07\/vienen-meses-en-los-que-aumentan-casos-de-suicidio-alerta-ssp-puebla\/","title":{"rendered":"Vienen meses en los que aumentan casos de suicidio, alerta SSP Puebla"},"content":{"rendered":"\n<p>El secretario de Seguridad P\u00fablica en el estado, Francisco S\u00e1nchez Gonz\u00e1lez, advirti\u00f3 que vienen los meses donde se registran mayor n\u00famero de casos de suicidio, e indic\u00f3 que se trabajar\u00e1 de manera coordinada con las instituciones para la estrategia de prevenci\u00f3n.<\/p>\n\n\n\n<p>En entrevista al asistir al informe de labores de la senadora Lizeth S\u00e1nchez Garc\u00eda, el funcionario reconoci\u00f3 que cuando llega el invierno es cuando se presenta el mayor n\u00famero de casos.<\/p>\n\n\n\n<p>Indic\u00f3 a partir del \u00e1rea de prevenci\u00f3n de delito se est\u00e1 trabajando para ser el enlace y se pueda tener una campa\u00f1a de difusi\u00f3n y brindar esa atenci\u00f3n a las personas.<\/p>\n\n\n\n<p>Expuso que se va a trabajar de manera coordinada con la Secretar\u00eda de Educaci\u00f3n P\u00fablica, Salud, universidades, pero adem\u00e1s con los ayuntamientos.<\/p>\n\n\n\n<p>Resalt\u00f3 que se ha tenido presencia en las juntas auxiliares, trabajando en conjunto, llevando la informaci\u00f3n para el tema de prevenci\u00f3n y que haya atenci\u00f3n temprana a las personas que intentan quitarse la vida.<\/p>\n\n\n\n<p>En otro tema anunci\u00f3 que la pr\u00f3xima semana se reunir\u00e1n con los representantes de los organismos empresariales para ampliar el programa de alarmas vecinales que est\u00e9n conectadas al C5.<\/p>\n\n\n\n<p>Dijo que la reuni\u00f3n ser\u00e1 en las instalaciones del C5, y se espera avanzar en los temas de seguridad,<\/p>\n","protected":false},"excerpt":{"rendered":"<p>El secretario de Seguridad P\u00fablica en el estado, Francisco S\u00e1nchez Gonz\u00e1lez, advirti\u00f3 que vienen los meses donde se registran mayor n\u00famero de casos de suicidio, e indic\u00f3 que se trabajar\u00e1 de manera coordinada con las instituciones para la estrategia de prevenci\u00f3n. En entrevista al asistir al informe de labores de la senadora Lizeth S\u00e1nchez Garc\u00eda, [&hellip;]<\/p>\n","protected":false},"author":4,"featured_media":67931,"comment_status":"open","ping_status":"open","sticky":false,"template":"","format":"standard","meta":{"om_disable_all_campaigns":false,"_monsterinsights_skip_tracking":false,"_monsterinsights_sitenote_active":false,"_monsterinsights_sitenote_note":"","_monsterinsights_sitenote_category":0,"footnotes":""},"categories":[175],"tags":[195,223],"class_list":["post-67930","post","type-post","status-publish","format-standard","has-post-thumbnail","hentry","category-local","tag-principal","tag-puebla"],"amp_enabled":true,"_links":{"self":[{"href":"https:\/\/lahora.mx\/index.php\/wp-json\/wp\/v2\/posts\/67930","targetHints":{"allow":["GET"]}}],"collection":[{"href":"https:\/\/lahora.mx\/index.php\/wp-json\/wp\/v2\/posts"}],"about":[{"href":"https:\/\/lahora.mx\/index.php\/wp-json\/wp\/v2\/types\/post"}],"author":[{"embeddable":true,"href":"https:\/\/lahora.mx\/index.php\/wp-json\/wp\/v2\/users\/4"}],"replies":[{"embeddable":true,"href":"https:\/\/lahora.mx\/index.php\/wp-json\/wp\/v2\/comments?post=67930"}],"version-history":[{"count":1,"href":"https:\/\/lahora.mx\/index.php\/wp-json\/wp\/v2\/posts\/67930\/revisions"}],"predecessor-version":[{"id":67932,"href":"https:\/\/lahora.mx\/index.php\/wp-json\/wp\/v2\/posts\/67930\/revisions\/67932"}],"wp:featuredmedia":[{"embeddable":true,"href":"https:\/\/lahora.mx\/index.php\/wp-json\/wp\/v2\/media\/67931"}],"wp:attachment":[{"href":"https:\/\/lahora.mx\/index.php\/wp-json\/wp\/v2\/media?parent=67930"}],"wp:term":[{"taxonomy":"category","embeddable":true,"href":"https:\/\/lahora.mx\/index.php\/wp-json\/wp\/v2\/categories?post=67930"},{"taxonomy":"post_tag","embeddable":true,"href":"https:\/\/lahora.mx\/index.php\/wp-json\/wp\/v2\/tags?post=67930"}],"curies":[{"name":"wp","href":"https:\/\/api.w.org\/{rel}","templated":true}]}}