{"id":67924,"date":"2025-09-07T17:25:59","date_gmt":"2025-09-07T17:25:59","guid":{"rendered":"https:\/\/lahora.mx\/?p=67924"},"modified":"2025-09-07T17:26:00","modified_gmt":"2025-09-07T17:26:00","slug":"este-es-el-clima-de-este-domingo-para-puebla-capital","status":"publish","type":"post","link":"https:\/\/lahora.mx\/index.php\/2025\/09\/07\/este-es-el-clima-de-este-domingo-para-puebla-capital\/","title":{"rendered":"Este es el clima de este domingo para Puebla capital"},"content":{"rendered":"\n<p>El Gobierno de la Ciudad informa a la poblaci\u00f3n sobre el pron\u00f3stico del clima con el objetivo de promover medidas preventivas. Se prev\u00e9 un d\u00eda parcialmente nublado, con temperaturas entre los 13\u00b0C y los 25\u00b0C. Durante la tarde-noche existe una probabilidad media de lluvias ligeras, con acumulaciones estimadas de 0 a 5 mm, principalmente entre las 19:00 y 20:00 horas. Se recomienda tomar precauciones si se pretenden tener actividades fuera de casa.<\/p>\n\n\n\n<p>Adem\u00e1s, se reporta un \u00edndice de radiaci\u00f3n UV extremo, por lo que se exhorta a protegerse del sol mediante el uso de bloqueador solar, prendas de manga larga, gorras o sombreros, especialmente durante las horas de mayor exposici\u00f3n. La calidad del aire se mantiene en nivel bueno. Esta informaci\u00f3n es proporcionada por el Departamento de Alertamiento e Informaci\u00f3n de la Direcci\u00f3n de Gesti\u00f3n de Riesgos en materia de Protecci\u00f3n Civil, para facilitar la planeaci\u00f3n y prevenci\u00f3n durante este d\u00eda.<br><br>Mantente al tanto de todas las noticias de Puebla y el mundo. Haz clic aqu\u00ed para seguir explorando nuestro portal.<\/p>\n","protected":false},"excerpt":{"rendered":"<p>El Gobierno de la Ciudad informa a la poblaci\u00f3n sobre el pron\u00f3stico del clima con el objetivo de promover medidas preventivas. Se prev\u00e9 un d\u00eda parcialmente nublado, con temperaturas entre los 13\u00b0C y los 25\u00b0C. Durante la tarde-noche existe una probabilidad media de lluvias ligeras, con acumulaciones estimadas de 0 a 5 mm, principalmente entre [&hellip;]<\/p>\n","protected":false},"author":4,"featured_media":67925,"comment_status":"open","ping_status":"open","sticky":false,"template":"","format":"standard","meta":{"om_disable_all_campaigns":false,"_monsterinsights_skip_tracking":false,"_monsterinsights_sitenote_active":false,"_monsterinsights_sitenote_note":"","_monsterinsights_sitenote_category":0,"footnotes":""},"categories":[175],"tags":[195,223],"class_list":["post-67924","post","type-post","status-publish","format-standard","has-post-thumbnail","hentry","category-local","tag-principal","tag-puebla"],"amp_enabled":true,"_links":{"self":[{"href":"https:\/\/lahora.mx\/index.php\/wp-json\/wp\/v2\/posts\/67924","targetHints":{"allow":["GET"]}}],"collection":[{"href":"https:\/\/lahora.mx\/index.php\/wp-json\/wp\/v2\/posts"}],"about":[{"href":"https:\/\/lahora.mx\/index.php\/wp-json\/wp\/v2\/types\/post"}],"author":[{"embeddable":true,"href":"https:\/\/lahora.mx\/index.php\/wp-json\/wp\/v2\/users\/4"}],"replies":[{"embeddable":true,"href":"https:\/\/lahora.mx\/index.php\/wp-json\/wp\/v2\/comments?post=67924"}],"version-history":[{"count":1,"href":"https:\/\/lahora.mx\/index.php\/wp-json\/wp\/v2\/posts\/67924\/revisions"}],"predecessor-version":[{"id":67926,"href":"https:\/\/lahora.mx\/index.php\/wp-json\/wp\/v2\/posts\/67924\/revisions\/67926"}],"wp:featuredmedia":[{"embeddable":true,"href":"https:\/\/lahora.mx\/index.php\/wp-json\/wp\/v2\/media\/67925"}],"wp:attachment":[{"href":"https:\/\/lahora.mx\/index.php\/wp-json\/wp\/v2\/media?parent=67924"}],"wp:term":[{"taxonomy":"category","embeddable":true,"href":"https:\/\/lahora.mx\/index.php\/wp-json\/wp\/v2\/categories?post=67924"},{"taxonomy":"post_tag","embeddable":true,"href":"https:\/\/lahora.mx\/index.php\/wp-json\/wp\/v2\/tags?post=67924"}],"curies":[{"name":"wp","href":"https:\/\/api.w.org\/{rel}","templated":true}]}}