{"id":67921,"date":"2025-09-07T17:17:02","date_gmt":"2025-09-07T17:17:02","guid":{"rendered":"https:\/\/lahora.mx\/?p=67921"},"modified":"2025-09-07T17:17:03","modified_gmt":"2025-09-07T17:17:03","slug":"van-4-verificentros-clausurados-en-puebla-por-manipular-revision-vehicular","status":"publish","type":"post","link":"https:\/\/lahora.mx\/index.php\/2025\/09\/07\/van-4-verificentros-clausurados-en-puebla-por-manipular-revision-vehicular\/","title":{"rendered":"Van 4 verificentros clausurados en Puebla por manipular revisi\u00f3n vehicular"},"content":{"rendered":"\n<p>Son cuatro los verificentros que se mantienen clausurados por parte de la Secretar\u00eda de Medio Ambiente, Desarrollo Sustentable y Ordenamiento Territorial, debido a que las diversas irregularidades halladas no han sido modificadas por los concesionarios.<\/p>\n\n\n\n<p>La titular de la dependencia estatal, Rebeca Ba\u00f1uelos Guadarrama, se\u00f1al\u00f3 que \u00e9stas forman parte de una pol\u00edtica de cumplimiento para garantizar que el servicio de verificaci\u00f3n vehicular sea confiable y tenga un impacto positivo.<br>Los establecimientos est\u00e1n localizados en los municipios de Tehuac\u00e1n, Ixtacamaxtitl\u00e1n, Iz\u00facar de Matamoros y Huauchinango, de los que se est\u00e1 a la espera para que subsanen las observaciones.<\/p>\n\n\n\n<p>Las sanciones se promovieron por la suplantaci\u00f3n de veh\u00edculos y placas, la manipulaci\u00f3n del software, la falta de acreditaci\u00f3n del personal y el incumplimiento de los protocolos de verificaci\u00f3n.<\/p>\n\n\n\n<p>Estas acciones, a su vez, provocan una reducci\u00f3n en la capacidad operativa del programa de verificaci\u00f3n, por lo que se vio necesario suspender sus servicios, toda vez que se consideraron de gravedad e imped\u00edan que los resultados fueran fidedignos.<\/p>\n\n\n\n<p>\u201cTenemos ahora una reducci\u00f3n en la capacidad operativa, pero tambi\u00e9n hab\u00eda situaciones graves que no atend\u00edan como deber\u00eda ser la verificaci\u00f3n, no era fidedigna el servicio de estos verificentros\u201d, declar\u00f3.<\/p>\n\n\n\n<p>Habr\u00e1 nuevo Centro de Verificaci\u00f3n en Puebla<\/p>\n\n\n\n<p>Ba\u00f1uelos Guadarrama adelant\u00f3 que se lanz\u00f3 una licitaci\u00f3n para entregar la concesi\u00f3n de un nuevo verificentro en el municipio de Chachicomula de Sesma, luego de todo este tiempo que no tuvo titular.<\/p>\n\n\n\n<p>A la par, se contin\u00faa con la revisi\u00f3n de los centros restantes de toda la entidad poblana, ya que hasta el momento, el programa de verificaci\u00f3n cuenta con un cumplimiento de entre el 40 y el 45 por ciento en el semestre actual.<\/p>\n\n\n\n<p>La secretaria aclar\u00f3 que los veh\u00edculos que acudieron a los verificentros clausurados no tendr\u00e1n que repetir el proceso y podr\u00e1n continuar con su calendario normal para el siguiente semestre.<\/p>\n","protected":false},"excerpt":{"rendered":"<p>Son cuatro los verificentros que se mantienen clausurados por parte de la Secretar\u00eda de Medio Ambiente, Desarrollo Sustentable y Ordenamiento Territorial, debido a que las diversas irregularidades halladas no han sido modificadas por los concesionarios. La titular de la dependencia estatal, Rebeca Ba\u00f1uelos Guadarrama, se\u00f1al\u00f3 que \u00e9stas forman parte de una pol\u00edtica de cumplimiento para [&hellip;]<\/p>\n","protected":false},"author":4,"featured_media":67922,"comment_status":"open","ping_status":"open","sticky":false,"template":"","format":"standard","meta":{"om_disable_all_campaigns":false,"_monsterinsights_skip_tracking":false,"_monsterinsights_sitenote_active":false,"_monsterinsights_sitenote_note":"","_monsterinsights_sitenote_category":0,"footnotes":""},"categories":[175],"tags":[195,223],"class_list":["post-67921","post","type-post","status-publish","format-standard","has-post-thumbnail","hentry","category-local","tag-principal","tag-puebla"],"amp_enabled":true,"_links":{"self":[{"href":"https:\/\/lahora.mx\/index.php\/wp-json\/wp\/v2\/posts\/67921","targetHints":{"allow":["GET"]}}],"collection":[{"href":"https:\/\/lahora.mx\/index.php\/wp-json\/wp\/v2\/posts"}],"about":[{"href":"https:\/\/lahora.mx\/index.php\/wp-json\/wp\/v2\/types\/post"}],"author":[{"embeddable":true,"href":"https:\/\/lahora.mx\/index.php\/wp-json\/wp\/v2\/users\/4"}],"replies":[{"embeddable":true,"href":"https:\/\/lahora.mx\/index.php\/wp-json\/wp\/v2\/comments?post=67921"}],"version-history":[{"count":1,"href":"https:\/\/lahora.mx\/index.php\/wp-json\/wp\/v2\/posts\/67921\/revisions"}],"predecessor-version":[{"id":67923,"href":"https:\/\/lahora.mx\/index.php\/wp-json\/wp\/v2\/posts\/67921\/revisions\/67923"}],"wp:featuredmedia":[{"embeddable":true,"href":"https:\/\/lahora.mx\/index.php\/wp-json\/wp\/v2\/media\/67922"}],"wp:attachment":[{"href":"https:\/\/lahora.mx\/index.php\/wp-json\/wp\/v2\/media?parent=67921"}],"wp:term":[{"taxonomy":"category","embeddable":true,"href":"https:\/\/lahora.mx\/index.php\/wp-json\/wp\/v2\/categories?post=67921"},{"taxonomy":"post_tag","embeddable":true,"href":"https:\/\/lahora.mx\/index.php\/wp-json\/wp\/v2\/tags?post=67921"}],"curies":[{"name":"wp","href":"https:\/\/api.w.org\/{rel}","templated":true}]}}