{"id":67908,"date":"2025-09-07T14:58:26","date_gmt":"2025-09-07T14:58:26","guid":{"rendered":"https:\/\/lahora.mx\/?p=67908"},"modified":"2025-09-07T14:58:27","modified_gmt":"2025-09-07T14:58:27","slug":"se-implementa-operativo-interinstitucional-por-aire-y-tierra-en-el-municipio-de-amozoc-para-localizar-a-personas-reportadas-como-desaparecidas","status":"publish","type":"post","link":"https:\/\/lahora.mx\/index.php\/2025\/09\/07\/se-implementa-operativo-interinstitucional-por-aire-y-tierra-en-el-municipio-de-amozoc-para-localizar-a-personas-reportadas-como-desaparecidas\/","title":{"rendered":"Se implementa operativo interinstitucional por aire y tierra en el municipio de Amozoc para localizar a personas reportadas como desaparecidas"},"content":{"rendered":"\n<p>Con un estado de fuerza de 197 elementos de diferentes corporaciones federales, estatales y municipales, la Fiscal\u00eda General del Estado de Puebla, con apoyo de las Secretar\u00edas de la Defensa Nacional (SEDENA), Marina, Guarda Nacional, Secretar\u00eda de Seguridad P\u00fablica del Estado y Polic\u00eda Municipal, implementa un operativo en el municipio de Amozoc, con el objetivo de localizar a 11 personas reportadas como desaparecidas.<\/p>\n\n\n\n<p>El titular de la Agencia Estatal de Investigaci\u00f3n, Jorge Cobi\u00e1n Esper\u00f3n, destac\u00f3 que por instrucciones de la Fiscal General del Estado de Puebla, Idamis Pastor Betancourt y con el respaldo del Gobierno del Estado, encabezado por Alejandro Armenta, se realizan patrullajes en la zonas urbanas y serranas del municipio, as\u00ed como en la carretera federal, en la autopista y en toda la regi\u00f3n, a fin de recabar informaci\u00f3n \u00fatil que conduzca a la localizaci\u00f3n de estas personas.<\/p>\n\n\n\n<p>\u00abNuestra preocupaci\u00f3n principal es el bienestar de estas personas porque hasta el momento sus familiares nos han reportado que no los han localizado y esa es nuestra preocupaci\u00f3n y la de todas las instituciones que participamos en el operativo\u00bb, coment\u00f3 Cobi\u00e1n Esper\u00f3n.<\/p>\n\n\n\n<p>A\u00f1adi\u00f3 que en estas acciones se cuenta con 42 veh\u00edculos utilitarios, 2 blindados, drones y un helic\u00f3ptero que refuerza las tareas de b\u00fasqueda y localizaci\u00f3n.<\/p>\n\n\n\n<p>Cebe mencionar que la colaboraci\u00f3n interinstitucional entre autoridades de los tres niveles de gobierno es de suma importancia para garantizar la protecci\u00f3n y paz de las familias poblanas.<\/p>\n","protected":false},"excerpt":{"rendered":"<p>Con un estado de fuerza de 197 elementos de diferentes corporaciones federales, estatales y municipales, la Fiscal\u00eda General del Estado de Puebla, con apoyo de las Secretar\u00edas de la Defensa Nacional (SEDENA), Marina, Guarda Nacional, Secretar\u00eda de Seguridad P\u00fablica del Estado y Polic\u00eda Municipal, implementa un operativo en el municipio de Amozoc, con el objetivo [&hellip;]<\/p>\n","protected":false},"author":4,"featured_media":67909,"comment_status":"open","ping_status":"open","sticky":false,"template":"","format":"standard","meta":{"om_disable_all_campaigns":false,"_monsterinsights_skip_tracking":false,"_monsterinsights_sitenote_active":false,"_monsterinsights_sitenote_note":"","_monsterinsights_sitenote_category":0,"footnotes":""},"categories":[175],"tags":[195,223],"class_list":["post-67908","post","type-post","status-publish","format-standard","has-post-thumbnail","hentry","category-local","tag-principal","tag-puebla"],"amp_enabled":true,"_links":{"self":[{"href":"https:\/\/lahora.mx\/index.php\/wp-json\/wp\/v2\/posts\/67908","targetHints":{"allow":["GET"]}}],"collection":[{"href":"https:\/\/lahora.mx\/index.php\/wp-json\/wp\/v2\/posts"}],"about":[{"href":"https:\/\/lahora.mx\/index.php\/wp-json\/wp\/v2\/types\/post"}],"author":[{"embeddable":true,"href":"https:\/\/lahora.mx\/index.php\/wp-json\/wp\/v2\/users\/4"}],"replies":[{"embeddable":true,"href":"https:\/\/lahora.mx\/index.php\/wp-json\/wp\/v2\/comments?post=67908"}],"version-history":[{"count":1,"href":"https:\/\/lahora.mx\/index.php\/wp-json\/wp\/v2\/posts\/67908\/revisions"}],"predecessor-version":[{"id":67910,"href":"https:\/\/lahora.mx\/index.php\/wp-json\/wp\/v2\/posts\/67908\/revisions\/67910"}],"wp:featuredmedia":[{"embeddable":true,"href":"https:\/\/lahora.mx\/index.php\/wp-json\/wp\/v2\/media\/67909"}],"wp:attachment":[{"href":"https:\/\/lahora.mx\/index.php\/wp-json\/wp\/v2\/media?parent=67908"}],"wp:term":[{"taxonomy":"category","embeddable":true,"href":"https:\/\/lahora.mx\/index.php\/wp-json\/wp\/v2\/categories?post=67908"},{"taxonomy":"post_tag","embeddable":true,"href":"https:\/\/lahora.mx\/index.php\/wp-json\/wp\/v2\/tags?post=67908"}],"curies":[{"name":"wp","href":"https:\/\/api.w.org\/{rel}","templated":true}]}}