{"id":67896,"date":"2025-09-05T20:42:17","date_gmt":"2025-09-05T20:42:17","guid":{"rendered":"https:\/\/lahora.mx\/?p=67896"},"modified":"2025-09-05T21:22:00","modified_gmt":"2025-09-05T21:22:00","slug":"en-puebla-no-hay-complicidad-ni-omision-cumple-la-fge-orden-de-aprehension-contra-presunto-participe-en-el-homicidio-de-empresario-registrado-en-la-colonia-la-calera-de-la-ciudad-de-puebla","status":"publish","type":"post","link":"https:\/\/lahora.mx\/index.php\/2025\/09\/05\/en-puebla-no-hay-complicidad-ni-omision-cumple-la-fge-orden-de-aprehension-contra-presunto-participe-en-el-homicidio-de-empresario-registrado-en-la-colonia-la-calera-de-la-ciudad-de-puebla\/","title":{"rendered":"Cumple la FGE orden de aprehensi\u00f3n contra presunto part\u00edcipe en el homicidio de empresario registrado en la colonia La Calera de la ciudad de Puebla"},"content":{"rendered":"\n<p>La Fiscal\u00eda General del Estado de Puebla informa que como resultado de actos de investigaci\u00f3n se logr\u00f3 identificar y detener a Marco Antonio N., por su probable participaci\u00f3n en el homicidio de un empresario ocurrido el pasado 1 de septiembre en la colonia Bosques de La Calera de la ciudad de Puebla.<\/p>\n\n\n\n<p>Con base en datos de prueba obtenidos durante la investigaci\u00f3n, se estableci\u00f3 la probable participaci\u00f3n del sujeto, as\u00ed como su posible vinculaci\u00f3n con otras conductas delictivas como robo a casa habitaci\u00f3n y secuestro. Hasta el momento, la principal l\u00ednea de investigaci\u00f3n es el robo a casa habitaci\u00f3n.<\/p>\n\n\n\n<p>En cumplimiento a una orden de aprehensi\u00f3n emitida por el Juez de Control, agentes de la Fiscal\u00eda ejecutaron la detenci\u00f3n en el Hospital de Traumatolog\u00eda y Ortopedia de la ciudad de Puebla, donde fue atendido luego que resultara lesionado durante los hechos.<\/p>\n\n\n\n<p>El detenido qued\u00f3 a disposici\u00f3n del Juez de Control y en las pr\u00f3ximas horas se llevar\u00e1 a cabo la audiencia inicial en la que esta Fiscal\u00eda formular\u00e1 imputaci\u00f3n y solicitar\u00e1 la vinculaci\u00f3n a proceso.<\/p>\n","protected":false},"excerpt":{"rendered":"<p>La Fiscal\u00eda General del Estado de Puebla informa que como resultado de actos de investigaci\u00f3n se logr\u00f3 identificar y detener a Marco Antonio N., por su probable participaci\u00f3n en el homicidio de un empresario ocurrido el pasado 1 de septiembre en la colonia Bosques de La Calera de la ciudad de Puebla. Con base en [&hellip;]<\/p>\n","protected":false},"author":4,"featured_media":67897,"comment_status":"open","ping_status":"open","sticky":false,"template":"","format":"standard","meta":{"om_disable_all_campaigns":false,"_monsterinsights_skip_tracking":false,"_monsterinsights_sitenote_active":false,"_monsterinsights_sitenote_note":"","_monsterinsights_sitenote_category":0,"footnotes":""},"categories":[175],"tags":[239,195,223],"class_list":["post-67896","post","type-post","status-publish","format-standard","has-post-thumbnail","hentry","category-local","tag-gobierno","tag-principal","tag-puebla"],"amp_enabled":true,"_links":{"self":[{"href":"https:\/\/lahora.mx\/index.php\/wp-json\/wp\/v2\/posts\/67896","targetHints":{"allow":["GET"]}}],"collection":[{"href":"https:\/\/lahora.mx\/index.php\/wp-json\/wp\/v2\/posts"}],"about":[{"href":"https:\/\/lahora.mx\/index.php\/wp-json\/wp\/v2\/types\/post"}],"author":[{"embeddable":true,"href":"https:\/\/lahora.mx\/index.php\/wp-json\/wp\/v2\/users\/4"}],"replies":[{"embeddable":true,"href":"https:\/\/lahora.mx\/index.php\/wp-json\/wp\/v2\/comments?post=67896"}],"version-history":[{"count":3,"href":"https:\/\/lahora.mx\/index.php\/wp-json\/wp\/v2\/posts\/67896\/revisions"}],"predecessor-version":[{"id":67900,"href":"https:\/\/lahora.mx\/index.php\/wp-json\/wp\/v2\/posts\/67896\/revisions\/67900"}],"wp:featuredmedia":[{"embeddable":true,"href":"https:\/\/lahora.mx\/index.php\/wp-json\/wp\/v2\/media\/67897"}],"wp:attachment":[{"href":"https:\/\/lahora.mx\/index.php\/wp-json\/wp\/v2\/media?parent=67896"}],"wp:term":[{"taxonomy":"category","embeddable":true,"href":"https:\/\/lahora.mx\/index.php\/wp-json\/wp\/v2\/categories?post=67896"},{"taxonomy":"post_tag","embeddable":true,"href":"https:\/\/lahora.mx\/index.php\/wp-json\/wp\/v2\/tags?post=67896"}],"curies":[{"name":"wp","href":"https:\/\/api.w.org\/{rel}","templated":true}]}}