{"id":67892,"date":"2025-09-05T18:21:44","date_gmt":"2025-09-05T18:21:44","guid":{"rendered":"https:\/\/lahora.mx\/?p=67892"},"modified":"2025-09-05T18:21:45","modified_gmt":"2025-09-05T18:21:45","slug":"gobierno-de-puebla-lidera-transformacion-industrial-e-impulsa-talento-certificado-con-icatep","status":"publish","type":"post","link":"https:\/\/lahora.mx\/index.php\/2025\/09\/05\/gobierno-de-puebla-lidera-transformacion-industrial-e-impulsa-talento-certificado-con-icatep\/","title":{"rendered":"Gobierno de Puebla lidera transformaci\u00f3n industrial e impulsa talento certificado con ICATEP"},"content":{"rendered":"\n<p>El Estado consolida su papel como polo de innovaci\u00f3n industrial con un modelo educativo centrado en la capacitaci\u00f3n t\u00e9cnica y el desarrollo de talento juvenil. El Instituto de Capacitaci\u00f3n para el Trabajo del Estado de Puebla (ICATEP) ser\u00e1 sede de la primera competencia regional Sur-Sureste en automatizaci\u00f3n industrial, en colaboraci\u00f3n con la empresa alemana Festo Didactic, los d\u00edas 25 y 26 de septiembre.<\/p>\n\n\n\n<p>Esta acci\u00f3n responde a la prioridad del gobernador Alejandro Armenta de apostar por la educaci\u00f3n como camino hacia la paz, el bienestar y el progreso. En este contexto, el gobernador Alejandro Armenta destac\u00f3 que la tecnolog\u00eda, bien utilizada, es una herramienta poderosa para construir una sociedad equilibrada. Reconoci\u00f3 el trabajo del director general del ICATEP, Alfonso Aguirre Gonz\u00e1lez, y del coordinador de Festo Did\u00e1ctica, Oswaldo S\u00e1nchez, por hacer de la educaci\u00f3n t\u00e9cnica un motor de transformaci\u00f3n social.<br><br>En su oportunidad, el director del ICATEP, Alfonso Aguirre resalt\u00f3 que la competencia posiciona a Puebla a la vanguardia de la educaci\u00f3n t\u00e9cnica, al reunir a j\u00f3venes universitarios de distintos estados para resolver retos con est\u00e1ndares internacionales. Enfatiz\u00f3 que cada capacitaci\u00f3n representa una puerta abierta hacia empleos dignos, impulsa el emprendimiento y contribuye a reducir la pobreza. Se\u00f1al\u00f3 que el aula especializada en automatizaci\u00f3n es \u00fanica en su tipo en el sureste del pa\u00eds.<\/p>\n\n\n\n<p>Por su parte, el coordinador de Festo Did\u00e1ctica zona centro-sur, Oswaldo S\u00e1nchez, explic\u00f3 que Puebla fue elegida por ser la puerta del sureste y estar posicionada como un polo estrat\u00e9gico en ciencia y tecnolog\u00eda. Subray\u00f3 la necesidad de contar con talento certificado en competencias de la industria 4.0 y 5.0, clave para responder a los retos de proyectos industriales como Olinia, que demandar\u00e1n mano de obra altamente calificada.<\/p>\n\n\n\n<p>La estrategia interinstitucional incluye el trabajo del Consejo de Ciencia y Tecnolog\u00eda (CCT), la Secretar\u00eda de Turismo y otras dependencias que, en coordinaci\u00f3n con el Gobierno del Estado, colaboran en una cruzada educativa y tecnol\u00f3gica sin precedentes, al vincular a estudiantes con el entorno productivo, fortalece el tejido social y ofrece nuevas oportunidades a las juventudes.<\/p>\n","protected":false},"excerpt":{"rendered":"<p>El Estado consolida su papel como polo de innovaci\u00f3n industrial con un modelo educativo centrado en la capacitaci\u00f3n t\u00e9cnica y el desarrollo de talento juvenil. El Instituto de Capacitaci\u00f3n para el Trabajo del Estado de Puebla (ICATEP) ser\u00e1 sede de la primera competencia regional Sur-Sureste en automatizaci\u00f3n industrial, en colaboraci\u00f3n con la empresa alemana Festo [&hellip;]<\/p>\n","protected":false},"author":4,"featured_media":67893,"comment_status":"open","ping_status":"open","sticky":false,"template":"","format":"standard","meta":{"om_disable_all_campaigns":false,"_monsterinsights_skip_tracking":false,"_monsterinsights_sitenote_active":false,"_monsterinsights_sitenote_note":"","_monsterinsights_sitenote_category":0,"footnotes":""},"categories":[175],"tags":[239],"class_list":["post-67892","post","type-post","status-publish","format-standard","has-post-thumbnail","hentry","category-local","tag-gobierno"],"amp_enabled":true,"_links":{"self":[{"href":"https:\/\/lahora.mx\/index.php\/wp-json\/wp\/v2\/posts\/67892","targetHints":{"allow":["GET"]}}],"collection":[{"href":"https:\/\/lahora.mx\/index.php\/wp-json\/wp\/v2\/posts"}],"about":[{"href":"https:\/\/lahora.mx\/index.php\/wp-json\/wp\/v2\/types\/post"}],"author":[{"embeddable":true,"href":"https:\/\/lahora.mx\/index.php\/wp-json\/wp\/v2\/users\/4"}],"replies":[{"embeddable":true,"href":"https:\/\/lahora.mx\/index.php\/wp-json\/wp\/v2\/comments?post=67892"}],"version-history":[{"count":1,"href":"https:\/\/lahora.mx\/index.php\/wp-json\/wp\/v2\/posts\/67892\/revisions"}],"predecessor-version":[{"id":67894,"href":"https:\/\/lahora.mx\/index.php\/wp-json\/wp\/v2\/posts\/67892\/revisions\/67894"}],"wp:featuredmedia":[{"embeddable":true,"href":"https:\/\/lahora.mx\/index.php\/wp-json\/wp\/v2\/media\/67893"}],"wp:attachment":[{"href":"https:\/\/lahora.mx\/index.php\/wp-json\/wp\/v2\/media?parent=67892"}],"wp:term":[{"taxonomy":"category","embeddable":true,"href":"https:\/\/lahora.mx\/index.php\/wp-json\/wp\/v2\/categories?post=67892"},{"taxonomy":"post_tag","embeddable":true,"href":"https:\/\/lahora.mx\/index.php\/wp-json\/wp\/v2\/tags?post=67892"}],"curies":[{"name":"wp","href":"https:\/\/api.w.org\/{rel}","templated":true}]}}