{"id":67886,"date":"2025-09-05T18:03:05","date_gmt":"2025-09-05T18:03:05","guid":{"rendered":"https:\/\/lahora.mx\/?p=67886"},"modified":"2025-09-05T18:03:07","modified_gmt":"2025-09-05T18:03:07","slug":"san-andres-cholula-participara-en-simulacro-nacional-guadalupe-cuautle","status":"publish","type":"post","link":"https:\/\/lahora.mx\/index.php\/2025\/09\/05\/san-andres-cholula-participara-en-simulacro-nacional-guadalupe-cuautle\/","title":{"rendered":"San Andr\u00e9s Cholula participar\u00e1 en Simulacro Nacional: Guadalupe Cuautle"},"content":{"rendered":"\n<p>La presidenta municipal de San Andr\u00e9s Cholula, Guadalupe Cuautle Torres dio a conocer que esta demarcaci\u00f3n se sumar\u00e1 a las acciones del Segundo Simulacro Nacional a realizarse este 19 de septiembre a las 12 horas.<\/p>\n\n\n\n<p>Este ejercicio se realizar\u00e1 a nivel nacional para impulsar una cultura de protecci\u00f3n civil y que los ciudadanos se deben preparar ante cualquier contingencia, por lo que al estar M\u00e9xico en una s\u00edsmica se busca estar alertas. En esta ocasi\u00f3n, este simulacro presentar\u00e1 una hip\u00f3tesis de sismo con una magnitud de 8.1 y que se sentir\u00e1 de forma severa en Michoac\u00e1n, donde ser\u00e1 el origen de este hecho.<br><br>Dijo que ya tienen listo el operativo que estar\u00e1n disponiendo junto con Protecci\u00f3n Civil y todas las secretar\u00edas del gobierno municipal estar\u00e1n participando en este simulacro, adem\u00e1s de que har\u00e1n invitaci\u00f3n a escuelas, iniciativa privada, restaurantes para que todos se sumen a esta acci\u00f3n.<\/p>\n\n\n\n<p>\u201cQueremos que se sumen m\u00e1s dependencias no s\u00f3lo el gobierno municipal sino las instituciones particulares, sector privado, porque debemos de estar preparados ante cualquier desastre natural que se pudiera generar en nuestro municipio, debemos tomarlo con seriedad\u201d.<\/p>\n\n\n\n<p>Abund\u00f3 que se coordinan con las \u00e1reas correspondientes a fin de generar conciencia de la protecci\u00f3n civil y que todos est\u00e9n preparados ante cualquier emergencia.<\/p>\n","protected":false},"excerpt":{"rendered":"<p>La presidenta municipal de San Andr\u00e9s Cholula, Guadalupe Cuautle Torres dio a conocer que esta demarcaci\u00f3n se sumar\u00e1 a las acciones del Segundo Simulacro Nacional a realizarse este 19 de septiembre a las 12 horas. Este ejercicio se realizar\u00e1 a nivel nacional para impulsar una cultura de protecci\u00f3n civil y que los ciudadanos se deben [&hellip;]<\/p>\n","protected":false},"author":4,"featured_media":67887,"comment_status":"open","ping_status":"open","sticky":false,"template":"","format":"standard","meta":{"om_disable_all_campaigns":false,"_monsterinsights_skip_tracking":false,"_monsterinsights_sitenote_active":false,"_monsterinsights_sitenote_note":"","_monsterinsights_sitenote_category":0,"footnotes":""},"categories":[175,5],"tags":[234,223],"class_list":["post-67886","post","type-post","status-publish","format-standard","has-post-thumbnail","hentry","category-local","category-politica","tag-cholula","tag-puebla"],"amp_enabled":true,"_links":{"self":[{"href":"https:\/\/lahora.mx\/index.php\/wp-json\/wp\/v2\/posts\/67886","targetHints":{"allow":["GET"]}}],"collection":[{"href":"https:\/\/lahora.mx\/index.php\/wp-json\/wp\/v2\/posts"}],"about":[{"href":"https:\/\/lahora.mx\/index.php\/wp-json\/wp\/v2\/types\/post"}],"author":[{"embeddable":true,"href":"https:\/\/lahora.mx\/index.php\/wp-json\/wp\/v2\/users\/4"}],"replies":[{"embeddable":true,"href":"https:\/\/lahora.mx\/index.php\/wp-json\/wp\/v2\/comments?post=67886"}],"version-history":[{"count":1,"href":"https:\/\/lahora.mx\/index.php\/wp-json\/wp\/v2\/posts\/67886\/revisions"}],"predecessor-version":[{"id":67888,"href":"https:\/\/lahora.mx\/index.php\/wp-json\/wp\/v2\/posts\/67886\/revisions\/67888"}],"wp:featuredmedia":[{"embeddable":true,"href":"https:\/\/lahora.mx\/index.php\/wp-json\/wp\/v2\/media\/67887"}],"wp:attachment":[{"href":"https:\/\/lahora.mx\/index.php\/wp-json\/wp\/v2\/media?parent=67886"}],"wp:term":[{"taxonomy":"category","embeddable":true,"href":"https:\/\/lahora.mx\/index.php\/wp-json\/wp\/v2\/categories?post=67886"},{"taxonomy":"post_tag","embeddable":true,"href":"https:\/\/lahora.mx\/index.php\/wp-json\/wp\/v2\/tags?post=67886"}],"curies":[{"name":"wp","href":"https:\/\/api.w.org\/{rel}","templated":true}]}}