{"id":67877,"date":"2025-09-05T16:42:45","date_gmt":"2025-09-05T16:42:45","guid":{"rendered":"https:\/\/lahora.mx\/?p=67877"},"modified":"2025-09-05T16:42:46","modified_gmt":"2025-09-05T16:42:46","slug":"encuentran-sin-vida-a-joven-desaparecido-en-tehuitzingo","status":"publish","type":"post","link":"https:\/\/lahora.mx\/index.php\/2025\/09\/05\/encuentran-sin-vida-a-joven-desaparecido-en-tehuitzingo\/","title":{"rendered":"Encuentran sin vida a joven desaparecido en\u00a0Tehuitzingo"},"content":{"rendered":"\n<p>Un joven fue localizado sin vida en la zona conocida como El Capir\u00edn de la junta auxiliar de Atopoltitl\u00e1n, perteneciente al municipio de Tehuitzingo, y quien estaba reportado como desaparecido.<\/p>\n\n\n\n<p>El cuerpo se localiz\u00f3 tras una llamada an\u00f3nima que alert\u00f3 a las autoridades sobre la presencia de un cad\u00e1ver en la parte alta del cerro. Al arribar elementos de la polic\u00eda municipal se confirm\u00f3 que se trataba de un hombre identificado como Esteban N de 28 a\u00f1os de edad, quien llevaba alrededor de dos d\u00edas desaparecido.<br><br>El cuerpo se encontraba en avanzado estado de descomposici\u00f3n y hasta el momento se desconoce la causa de su muerte.<\/p>\n\n\n\n<p>Finalmente, familiares reconocieron al joven por la vestimenta que llevaba puesta al momento de su desaparici\u00f3n, al lugar arribo personal de la fiscal\u00eda quienes realizaron el levantamiento del cuerpo sin vida y fue trasladado al Servicio M\u00e9dico Forense en Acatl\u00e1n de Osorio.<\/p>\n","protected":false},"excerpt":{"rendered":"<p>Un joven fue localizado sin vida en la zona conocida como El Capir\u00edn de la junta auxiliar de Atopoltitl\u00e1n, perteneciente al municipio de Tehuitzingo, y quien estaba reportado como desaparecido. El cuerpo se localiz\u00f3 tras una llamada an\u00f3nima que alert\u00f3 a las autoridades sobre la presencia de un cad\u00e1ver en la parte alta del cerro. [&hellip;]<\/p>\n","protected":false},"author":4,"featured_media":67878,"comment_status":"open","ping_status":"open","sticky":false,"template":"","format":"standard","meta":{"om_disable_all_campaigns":false,"_monsterinsights_skip_tracking":false,"_monsterinsights_sitenote_active":false,"_monsterinsights_sitenote_note":"","_monsterinsights_sitenote_category":0,"footnotes":""},"categories":[175,226],"tags":[223],"class_list":["post-67877","post","type-post","status-publish","format-standard","has-post-thumbnail","hentry","category-local","category-policia","tag-puebla"],"amp_enabled":true,"_links":{"self":[{"href":"https:\/\/lahora.mx\/index.php\/wp-json\/wp\/v2\/posts\/67877","targetHints":{"allow":["GET"]}}],"collection":[{"href":"https:\/\/lahora.mx\/index.php\/wp-json\/wp\/v2\/posts"}],"about":[{"href":"https:\/\/lahora.mx\/index.php\/wp-json\/wp\/v2\/types\/post"}],"author":[{"embeddable":true,"href":"https:\/\/lahora.mx\/index.php\/wp-json\/wp\/v2\/users\/4"}],"replies":[{"embeddable":true,"href":"https:\/\/lahora.mx\/index.php\/wp-json\/wp\/v2\/comments?post=67877"}],"version-history":[{"count":1,"href":"https:\/\/lahora.mx\/index.php\/wp-json\/wp\/v2\/posts\/67877\/revisions"}],"predecessor-version":[{"id":67879,"href":"https:\/\/lahora.mx\/index.php\/wp-json\/wp\/v2\/posts\/67877\/revisions\/67879"}],"wp:featuredmedia":[{"embeddable":true,"href":"https:\/\/lahora.mx\/index.php\/wp-json\/wp\/v2\/media\/67878"}],"wp:attachment":[{"href":"https:\/\/lahora.mx\/index.php\/wp-json\/wp\/v2\/media?parent=67877"}],"wp:term":[{"taxonomy":"category","embeddable":true,"href":"https:\/\/lahora.mx\/index.php\/wp-json\/wp\/v2\/categories?post=67877"},{"taxonomy":"post_tag","embeddable":true,"href":"https:\/\/lahora.mx\/index.php\/wp-json\/wp\/v2\/tags?post=67877"}],"curies":[{"name":"wp","href":"https:\/\/api.w.org\/{rel}","templated":true}]}}