{"id":67863,"date":"2025-09-04T19:08:43","date_gmt":"2025-09-04T19:08:43","guid":{"rendered":"https:\/\/lahora.mx\/?p=67863"},"modified":"2025-09-04T19:08:44","modified_gmt":"2025-09-04T19:08:44","slug":"anuncia-armenta-viajes-a-berlin-y-phoenix-para-proyectos-en-materia-de-tecnologia","status":"publish","type":"post","link":"https:\/\/lahora.mx\/index.php\/2025\/09\/04\/anuncia-armenta-viajes-a-berlin-y-phoenix-para-proyectos-en-materia-de-tecnologia\/","title":{"rendered":"Anuncia Armenta viajes a Berl\u00edn y Phoenix para proyectos en materia de tecnolog\u00eda"},"content":{"rendered":"\n<p>El gobernador Alejandro Armenta Mier anunci\u00f3 que viajar\u00e1 a Berl\u00edn y Phoenix. Al primer sitio para informar a directivos de AUDI del nuevo concepto que adquiri\u00f3 Ciudad Modelo al convertirse en la Capital de la Tecnolog\u00eda y la Sostenibilidad, a fin de atraer m\u00e1s inversiones; mientras que en California presentar\u00e1 el proyecto de la Casa de Dise\u00f1o de Semiconductores para crear alianzas comerciales.<\/p>\n\n\n\n<p>El mandatario poblano adelant\u00f3 que todav\u00eda no tiene fecha para viajar pero ha definido que destinar\u00e1 cuatro d\u00edas para acudir a Berl\u00edn por los tiempos de traslado. Indic\u00f3 que pedir\u00e1 audiencia son los directivos de la armadora alemana Audi porque la mayor parte de los beneficios que genera la empresa no se est\u00e1n viendo reflejados en Puebla, a pesar de que el Estado aporta recursos para la plataforma a trav\u00e9s de est\u00edmulos fiscales y condonaci\u00f3n de impuestos.<\/p>\n\n\n\n<p>\u201cEso se debi\u00f3 a gobiernos corruptos que solo pensaron en el negocio y que cuando lograron sustraer riqueza para ellos, en lo personal, abandonaron la tarea secundaria de generar proyectos de inversi\u00f3n que generaran cadenas de suministro para Audi, eso es la verdad, solo pensaron en cu\u00e1nto les dejaban las plataformas, les dejaba la construcci\u00f3n, sin pensar en que la riqueza derramara en oportunidades para los habitantes\u201d, sentenci\u00f3.<br><br>Armenta Mier insisti\u00f3 en que la exCiudad Modelo pasar\u00e1 de ser un modelo econ\u00f3mico extractivo impulsado por el gobierno neoliberal a uno de tipo inclusivo, en el que la derrama econ\u00f3mica beneficie a la entidad, comenzando por la regi\u00f3n de San Jos\u00e9 Chiapa.<\/p>\n\n\n\n<p>Se\u00f1al\u00f3 que esto es lo que expondr\u00e1 frente a los directivos de Audi, a quienes tambi\u00e9n pondr\u00e1 en conocimiento que cada peso invertido en activo en la reci\u00e9n nombrada Capital de la Tecnolog\u00eda y la Sostenibilidad ser\u00e1 deducible de impuestos, ya que se trata de una ventaja inexistente en el pasado.<\/p>\n\n\n\n<p>A la par, mencion\u00f3 que ha instruido a la Secretar\u00eda de Gobernaci\u00f3n para que organice una reuni\u00f3n con presidentes municipales y empresarios de esa regi\u00f3n de Puebla para impulsar la apropiaci\u00f3n del proyecto del Polo de Desarrollo, \u201cporque no acuden los ciudadanos, porque sienten que les robaron su tierra, que no los hicieron parte (cuando se hizo Ciudad Modelo)\u201d, indic\u00f3.<\/p>\n\n\n\n<p>\u00bfA qu\u00e9 viajar\u00e1 a Phoenix, California?<br>Respecto a su visita a Phoenix, California, dio a conocer que buscar\u00e1 generar un hermanamiento con el mayor centro de desarrollo de microprocesadores, a fin de apoyar el modelo de producci\u00f3n de semiconductores en la entidad. \u201cNecesitamos establecer un convenio comercial de alto margen, porque la Casa de Dise\u00f1o que vamos a tener ser\u00e1 de una importancia extranjera para la tecnolog\u00eda, para el desarrollo y para los j\u00f3venes\u201d, cit\u00f3.<br><br>Al explicar los objetivos de los viajes, el mandatario pidi\u00f3 que no se le critique por salir del pa\u00eds, ya que no lo hace con fines de turismo, incluso adelant\u00f3 que podr\u00eda dedicar tiempo para andar en bicicleta, solo para conocer el transporte no motorizado en otras ciudades.<\/p>\n\n\n\n<p>Voy a buscar patrocinio, para ver qui\u00e9n me paga mi vuelo, porque si no, para que quieren, por transparencia me van a ventanear<br>concluy\u00f3.<\/p>\n","protected":false},"excerpt":{"rendered":"<p>El gobernador Alejandro Armenta Mier anunci\u00f3 que viajar\u00e1 a Berl\u00edn y Phoenix. Al primer sitio para informar a directivos de AUDI del nuevo concepto que adquiri\u00f3 Ciudad Modelo al convertirse en la Capital de la Tecnolog\u00eda y la Sostenibilidad, a fin de atraer m\u00e1s inversiones; mientras que en California presentar\u00e1 el proyecto de la Casa [&hellip;]<\/p>\n","protected":false},"author":4,"featured_media":67864,"comment_status":"open","ping_status":"open","sticky":false,"template":"","format":"standard","meta":{"om_disable_all_campaigns":false,"_monsterinsights_skip_tracking":false,"_monsterinsights_sitenote_active":false,"_monsterinsights_sitenote_note":"","_monsterinsights_sitenote_category":0,"footnotes":""},"categories":[175],"tags":[239,195,223],"class_list":["post-67863","post","type-post","status-publish","format-standard","has-post-thumbnail","hentry","category-local","tag-gobierno","tag-principal","tag-puebla"],"amp_enabled":true,"_links":{"self":[{"href":"https:\/\/lahora.mx\/index.php\/wp-json\/wp\/v2\/posts\/67863","targetHints":{"allow":["GET"]}}],"collection":[{"href":"https:\/\/lahora.mx\/index.php\/wp-json\/wp\/v2\/posts"}],"about":[{"href":"https:\/\/lahora.mx\/index.php\/wp-json\/wp\/v2\/types\/post"}],"author":[{"embeddable":true,"href":"https:\/\/lahora.mx\/index.php\/wp-json\/wp\/v2\/users\/4"}],"replies":[{"embeddable":true,"href":"https:\/\/lahora.mx\/index.php\/wp-json\/wp\/v2\/comments?post=67863"}],"version-history":[{"count":1,"href":"https:\/\/lahora.mx\/index.php\/wp-json\/wp\/v2\/posts\/67863\/revisions"}],"predecessor-version":[{"id":67865,"href":"https:\/\/lahora.mx\/index.php\/wp-json\/wp\/v2\/posts\/67863\/revisions\/67865"}],"wp:featuredmedia":[{"embeddable":true,"href":"https:\/\/lahora.mx\/index.php\/wp-json\/wp\/v2\/media\/67864"}],"wp:attachment":[{"href":"https:\/\/lahora.mx\/index.php\/wp-json\/wp\/v2\/media?parent=67863"}],"wp:term":[{"taxonomy":"category","embeddable":true,"href":"https:\/\/lahora.mx\/index.php\/wp-json\/wp\/v2\/categories?post=67863"},{"taxonomy":"post_tag","embeddable":true,"href":"https:\/\/lahora.mx\/index.php\/wp-json\/wp\/v2\/tags?post=67863"}],"curies":[{"name":"wp","href":"https:\/\/api.w.org\/{rel}","templated":true}]}}