{"id":67857,"date":"2025-09-04T18:42:01","date_gmt":"2025-09-04T18:42:01","guid":{"rendered":"https:\/\/lahora.mx\/?p=67857"},"modified":"2025-09-04T18:42:02","modified_gmt":"2025-09-04T18:42:02","slug":"ceposami-sera-el-modelo-mas-importante-en-salud-mental-en-puebla-armenta","status":"publish","type":"post","link":"https:\/\/lahora.mx\/index.php\/2025\/09\/04\/ceposami-sera-el-modelo-mas-importante-en-salud-mental-en-puebla-armenta\/","title":{"rendered":"CEPOSAMI ser\u00e1 el modelo m\u00e1s importante en salud mental en Puebla: Armenta"},"content":{"rendered":"\n<p>El gobernador Alejandro Armenta se refiri\u00f3 a la construcci\u00f3n del Centro Poblano de Salud Mental Integral para Ni\u00f1as, Ni\u00f1os y Adolescentes (CEPOSAMI) que ser\u00e1 un referente nacional e internacional de atenci\u00f3n a este sector de la poblaci\u00f3n. \u201cEntiendo, como gobernador, tu preocupaci\u00f3n, porque le has llevado a hacer estudios a tus hijos de todo tipo y no encuentran el origen de por qu\u00e9 tu chico o tu chica est\u00e1 teniendo esa conducta. Aqu\u00ed tenemos una opci\u00f3n que hemos trabajado desde antes de campa\u00f1a, porque analizamos la conducta que se ha venido presentando posterior al COVID-19. As\u00ed es que este modelo ser\u00e1 \u00fanico en M\u00e9xico con este nivel de especializaci\u00f3n y yo le agradezco a los empresarios que aportan, a los deportistas que aportan, a quienes contribuyen para tener una opci\u00f3n de primer nivel\u201d.<\/p>\n\n\n\n<p>Durante la conferencia ma\u00f1anera de este jueves, el mandatario poblano, explic\u00f3 que, al igual como innov\u00f3 como director del SEDIF en 2005 con la creaci\u00f3n de la Centro Gerontol\u00f3gico \u201cCasa del Abue\u201d, hoy su gobierno tambi\u00e9n est\u00e1 a la vanguardia con el centro de salud mental para menores que ser\u00e1 un referente nacional e internacional. \u201cHemos hecho un an\u00e1lisis comparativo en los 32 estados de la Rep\u00fablica y con todos los pa\u00edses del mundo, para ofrecerle a Puebla lo mejor, a tus hijos\u201d.<\/p>\n\n\n\n<p>Por su parte, la directora general del Centro Poblano de Salud Mental Integral para Ni\u00f1as, Ni\u00f1os y Adolescentes (CEPOSAMI) del Sistema Estatal para el Desarrollo Integral de la Familia (SEDIF), Umi Choda Morales, a nombre de la presidenta del Patronato, Ceci Arellano, y del director Juan Carlos Valdez Zayas, agradeci\u00f3 la muestra de generosidad y apoyo en beneficio de la infancia poblana, de los creadores de la conferencia-show y la obra \u201cEl Mago Interno\u201d y Frida Kahlo, El Musical, respectivamente.<\/p>\n\n\n\n<p>Con los donativos entregados al organismo como resultado de la venta de boletos de estos eventos art\u00edsticos se podr\u00e1 ampliar la cobertura de atenci\u00f3n a estos grupos etarios. Asimismo, explic\u00f3 que a trav\u00e9s de los voluntariados de todas las dependencias del Gobierno del Estado llevan a cabo acciones para recaudar fondos y hacer m\u00e1s donativos para equipar el CEPOSAMI.<\/p>\n\n\n\n<p>La directora ejecutiva de Convenciones y Parques, Michelle Talavera, anunci\u00f3 que el estado ser\u00e1 sede de dos experiencias culturales que fusionan arte, identidad y solidaridad, a fin de consolidar a Puebla como una capital del patrimonio y la creatividad. Talavera destac\u00f3 que estos eventos cuentan con el respaldo del gobierno humanista de la presidenta Claudia Sheinbaum y del gobernador Alejandro Armenta, y tienen como objetivo no solo fortalecer la identidad cultural, sino tambi\u00e9n apoyar causas sociales en beneficio de las familias poblanas. En este sentido, inform\u00f3 que la recaudaci\u00f3n de ambos eventos ser\u00e1 destinada al DIF estatal.<\/p>\n\n\n\n<p>En su oportunidad, el conferencista y titular del espect\u00e1culo \u201cEl Mago Interno\u201d, Juan Manuel Romero, inform\u00f3 que parte de los recursos obtenidos el pr\u00f3ximo 18 de septiembre ser\u00e1n donados a este centro. \u201cEn un ambiente de circo vamos a ir despertando a este mago interior para que los ni\u00f1os y las ni\u00f1as y los ni\u00f1os interiores de los adultos puedan entender que la vida que est\u00e1n teniendo es la vida que han creado\u201d.<\/p>\n","protected":false},"excerpt":{"rendered":"<p>El gobernador Alejandro Armenta se refiri\u00f3 a la construcci\u00f3n del Centro Poblano de Salud Mental Integral para Ni\u00f1as, Ni\u00f1os y Adolescentes (CEPOSAMI) que ser\u00e1 un referente nacional e internacional de atenci\u00f3n a este sector de la poblaci\u00f3n. \u201cEntiendo, como gobernador, tu preocupaci\u00f3n, porque le has llevado a hacer estudios a tus hijos de todo tipo [&hellip;]<\/p>\n","protected":false},"author":4,"featured_media":67858,"comment_status":"open","ping_status":"open","sticky":false,"template":"","format":"standard","meta":{"om_disable_all_campaigns":false,"_monsterinsights_skip_tracking":false,"_monsterinsights_sitenote_active":false,"_monsterinsights_sitenote_note":"","_monsterinsights_sitenote_category":0,"footnotes":""},"categories":[175],"tags":[227,223],"class_list":["post-67857","post","type-post","status-publish","format-standard","has-post-thumbnail","hentry","category-local","tag-congreso","tag-puebla"],"amp_enabled":true,"_links":{"self":[{"href":"https:\/\/lahora.mx\/index.php\/wp-json\/wp\/v2\/posts\/67857","targetHints":{"allow":["GET"]}}],"collection":[{"href":"https:\/\/lahora.mx\/index.php\/wp-json\/wp\/v2\/posts"}],"about":[{"href":"https:\/\/lahora.mx\/index.php\/wp-json\/wp\/v2\/types\/post"}],"author":[{"embeddable":true,"href":"https:\/\/lahora.mx\/index.php\/wp-json\/wp\/v2\/users\/4"}],"replies":[{"embeddable":true,"href":"https:\/\/lahora.mx\/index.php\/wp-json\/wp\/v2\/comments?post=67857"}],"version-history":[{"count":1,"href":"https:\/\/lahora.mx\/index.php\/wp-json\/wp\/v2\/posts\/67857\/revisions"}],"predecessor-version":[{"id":67859,"href":"https:\/\/lahora.mx\/index.php\/wp-json\/wp\/v2\/posts\/67857\/revisions\/67859"}],"wp:featuredmedia":[{"embeddable":true,"href":"https:\/\/lahora.mx\/index.php\/wp-json\/wp\/v2\/media\/67858"}],"wp:attachment":[{"href":"https:\/\/lahora.mx\/index.php\/wp-json\/wp\/v2\/media?parent=67857"}],"wp:term":[{"taxonomy":"category","embeddable":true,"href":"https:\/\/lahora.mx\/index.php\/wp-json\/wp\/v2\/categories?post=67857"},{"taxonomy":"post_tag","embeddable":true,"href":"https:\/\/lahora.mx\/index.php\/wp-json\/wp\/v2\/tags?post=67857"}],"curies":[{"name":"wp","href":"https:\/\/api.w.org\/{rel}","templated":true}]}}