{"id":67854,"date":"2025-09-04T18:23:46","date_gmt":"2025-09-04T18:23:46","guid":{"rendered":"https:\/\/lahora.mx\/?p=67854"},"modified":"2025-09-04T18:23:47","modified_gmt":"2025-09-04T18:23:47","slug":"vinculan-a-proceso-a-roberto-por-almacenar-80-mil-litros-de-hidrocarburo-robado-en-chapulco","status":"publish","type":"post","link":"https:\/\/lahora.mx\/index.php\/2025\/09\/04\/vinculan-a-proceso-a-roberto-por-almacenar-80-mil-litros-de-hidrocarburo-robado-en-chapulco\/","title":{"rendered":"Vinculan a proceso a Roberto por almacenar 80 mil litros de hidrocarburo robado en Chapulco"},"content":{"rendered":"\n<p>La Fiscal\u00eda General de la Rep\u00fablica (FGR) a trav\u00e9s de su Fiscal\u00eda Especializada de Control Regional (FECOR) en Puebla, obtuvo vinculaci\u00f3n a proceso de Roberto \u201cN\u201d por su probable responsabilidad en la comisi\u00f3n del delito de posesi\u00f3n il\u00edcita de hidrocarburo.<\/p>\n\n\n\n<p>Derivado de una denuncia ciudadana en la que se inform\u00f3 que en un establecimiento ubicado en el km 12 220 de la Carretera Tehuac\u00e1n-Orizaba, en el municipio de Chapulco, al parecer se comercializaba con hidrocarburo de procedencia il\u00edcita.<\/p>\n\n\n\n<p>Derivado de lo anterior, el Fiscal Federal inici\u00f3 una carpeta de Investigaci\u00f3n que deriv\u00f3 en un cateo en el que fue detenido Roberto \u201cN\u201d y se asegur\u00f3 una maquina dispensadora, dos contenedores cil\u00edndricos con una capacidad de 40 mil litros, dos tanques met\u00e1licos con capacidad de 40 mil litros, que conten\u00edan un total aproximado de 80 mil litros de hidrocarburo, as\u00ed como un dispositivo tipo terminal punto de venta y documentaci\u00f3n diversa<\/p>\n\n\n\n<p>Por estos hechos fue puesto a disposici\u00f3n del agente del Ministerio P\u00fablico Federal, quien realiz\u00f3 la formulaci\u00f3n de imputaci\u00f3n y aport\u00f3 los elementos de ley, por lo que el juez conocedor de la causa penal, lo vincul\u00f3 a proceso y le impuso como medida cautelar la prisi\u00f3n preventiva oficiosa.<\/p>\n","protected":false},"excerpt":{"rendered":"<p>La Fiscal\u00eda General de la Rep\u00fablica (FGR) a trav\u00e9s de su Fiscal\u00eda Especializada de Control Regional (FECOR) en Puebla, obtuvo vinculaci\u00f3n a proceso de Roberto \u201cN\u201d por su probable responsabilidad en la comisi\u00f3n del delito de posesi\u00f3n il\u00edcita de hidrocarburo. Derivado de una denuncia ciudadana en la que se inform\u00f3 que en un establecimiento ubicado [&hellip;]<\/p>\n","protected":false},"author":4,"featured_media":67855,"comment_status":"open","ping_status":"open","sticky":false,"template":"","format":"standard","meta":{"om_disable_all_campaigns":false,"_monsterinsights_skip_tracking":false,"_monsterinsights_sitenote_active":false,"_monsterinsights_sitenote_note":"","_monsterinsights_sitenote_category":0,"footnotes":""},"categories":[175,226],"tags":[],"class_list":["post-67854","post","type-post","status-publish","format-standard","has-post-thumbnail","hentry","category-local","category-policia"],"amp_enabled":true,"_links":{"self":[{"href":"https:\/\/lahora.mx\/index.php\/wp-json\/wp\/v2\/posts\/67854","targetHints":{"allow":["GET"]}}],"collection":[{"href":"https:\/\/lahora.mx\/index.php\/wp-json\/wp\/v2\/posts"}],"about":[{"href":"https:\/\/lahora.mx\/index.php\/wp-json\/wp\/v2\/types\/post"}],"author":[{"embeddable":true,"href":"https:\/\/lahora.mx\/index.php\/wp-json\/wp\/v2\/users\/4"}],"replies":[{"embeddable":true,"href":"https:\/\/lahora.mx\/index.php\/wp-json\/wp\/v2\/comments?post=67854"}],"version-history":[{"count":1,"href":"https:\/\/lahora.mx\/index.php\/wp-json\/wp\/v2\/posts\/67854\/revisions"}],"predecessor-version":[{"id":67856,"href":"https:\/\/lahora.mx\/index.php\/wp-json\/wp\/v2\/posts\/67854\/revisions\/67856"}],"wp:featuredmedia":[{"embeddable":true,"href":"https:\/\/lahora.mx\/index.php\/wp-json\/wp\/v2\/media\/67855"}],"wp:attachment":[{"href":"https:\/\/lahora.mx\/index.php\/wp-json\/wp\/v2\/media?parent=67854"}],"wp:term":[{"taxonomy":"category","embeddable":true,"href":"https:\/\/lahora.mx\/index.php\/wp-json\/wp\/v2\/categories?post=67854"},{"taxonomy":"post_tag","embeddable":true,"href":"https:\/\/lahora.mx\/index.php\/wp-json\/wp\/v2\/tags?post=67854"}],"curies":[{"name":"wp","href":"https:\/\/api.w.org\/{rel}","templated":true}]}}