{"id":67848,"date":"2025-09-04T18:04:14","date_gmt":"2025-09-04T18:04:14","guid":{"rendered":"https:\/\/lahora.mx\/?p=67848"},"modified":"2025-09-04T18:04:15","modified_gmt":"2025-09-04T18:04:15","slug":"colapsa-parte-del-techo-del-cis-de-cuautlancingo","status":"publish","type":"post","link":"https:\/\/lahora.mx\/index.php\/2025\/09\/04\/colapsa-parte-del-techo-del-cis-de-cuautlancingo\/","title":{"rendered":"Colapsa parte del techo del CIS de Cuautlancingo"},"content":{"rendered":"\n<p>Debido al exceso de lluvias registradas en las \u00faltimas semanas y por la mala calidad de los materiales con los que se construy\u00f3 el Centro Integral de Servicios, inaugurado en 2021, una parte del techo se reblandeci\u00f3 y se precipit\u00f3 sin que haya personas lesionadas.<\/p>\n\n\n\n<p>Existe un plan de rehabilitaci\u00f3n para remodelar el edificio. Sin embargo, por irregularidades en la adquisici\u00f3n del predio no han podido iniciar los trabajos, dice el comunicado emitido por el ayuntamiento de Cuautlancingo.<br><br>Personal de bomberos y protecci\u00f3n civil de la Secretar\u00eda de Seguridad Ciudadana, est\u00e1n evaluando los da\u00f1os y las condiciones del edificio para actuar en consecuencia.<\/p>\n","protected":false},"excerpt":{"rendered":"<p>Debido al exceso de lluvias registradas en las \u00faltimas semanas y por la mala calidad de los materiales con los que se construy\u00f3 el Centro Integral de Servicios, inaugurado en 2021, una parte del techo se reblandeci\u00f3 y se precipit\u00f3 sin que haya personas lesionadas. Existe un plan de rehabilitaci\u00f3n para remodelar el edificio. Sin [&hellip;]<\/p>\n","protected":false},"author":4,"featured_media":67849,"comment_status":"open","ping_status":"open","sticky":false,"template":"","format":"standard","meta":{"om_disable_all_campaigns":false,"_monsterinsights_skip_tracking":false,"_monsterinsights_sitenote_active":false,"_monsterinsights_sitenote_note":"","_monsterinsights_sitenote_category":0,"footnotes":""},"categories":[175],"tags":[223],"class_list":["post-67848","post","type-post","status-publish","format-standard","has-post-thumbnail","hentry","category-local","tag-puebla"],"amp_enabled":true,"_links":{"self":[{"href":"https:\/\/lahora.mx\/index.php\/wp-json\/wp\/v2\/posts\/67848","targetHints":{"allow":["GET"]}}],"collection":[{"href":"https:\/\/lahora.mx\/index.php\/wp-json\/wp\/v2\/posts"}],"about":[{"href":"https:\/\/lahora.mx\/index.php\/wp-json\/wp\/v2\/types\/post"}],"author":[{"embeddable":true,"href":"https:\/\/lahora.mx\/index.php\/wp-json\/wp\/v2\/users\/4"}],"replies":[{"embeddable":true,"href":"https:\/\/lahora.mx\/index.php\/wp-json\/wp\/v2\/comments?post=67848"}],"version-history":[{"count":1,"href":"https:\/\/lahora.mx\/index.php\/wp-json\/wp\/v2\/posts\/67848\/revisions"}],"predecessor-version":[{"id":67850,"href":"https:\/\/lahora.mx\/index.php\/wp-json\/wp\/v2\/posts\/67848\/revisions\/67850"}],"wp:featuredmedia":[{"embeddable":true,"href":"https:\/\/lahora.mx\/index.php\/wp-json\/wp\/v2\/media\/67849"}],"wp:attachment":[{"href":"https:\/\/lahora.mx\/index.php\/wp-json\/wp\/v2\/media?parent=67848"}],"wp:term":[{"taxonomy":"category","embeddable":true,"href":"https:\/\/lahora.mx\/index.php\/wp-json\/wp\/v2\/categories?post=67848"},{"taxonomy":"post_tag","embeddable":true,"href":"https:\/\/lahora.mx\/index.php\/wp-json\/wp\/v2\/tags?post=67848"}],"curies":[{"name":"wp","href":"https:\/\/api.w.org\/{rel}","templated":true}]}}