{"id":67845,"date":"2025-09-04T18:02:32","date_gmt":"2025-09-04T18:02:32","guid":{"rendered":"https:\/\/lahora.mx\/?p=67845"},"modified":"2025-09-04T18:02:32","modified_gmt":"2025-09-04T18:02:32","slug":"3-mil-millones-de-pesos-la-derrama-economica-que-dejaron-las-vacaciones-de-verano-en-puebla-sectur","status":"publish","type":"post","link":"https:\/\/lahora.mx\/index.php\/2025\/09\/04\/3-mil-millones-de-pesos-la-derrama-economica-que-dejaron-las-vacaciones-de-verano-en-puebla-sectur\/","title":{"rendered":"3 mil millones de pesos la derrama econ\u00f3mica que dejaron las vacaciones de verano en Puebla: SECTUR"},"content":{"rendered":"\n<p>Este 2025 el Gobierno Federal otorg\u00f3 una semana m\u00e1s de vacaciones a maestros y alumnos, es por eso que miles de personas aprovecharon esta iniciativa y viajaron a otros estados de la Rep\u00fablica, para disfrutar de estos d\u00edas de descanso.<\/p>\n\n\n\n<p>De esta manera, el lunes primero de septiembre iniciaron las clases en educaci\u00f3n b\u00e1sica y formalmente comenz\u00f3 el ciclo escolar 2025-2026.<br><br>Durante las vacaciones de verano, el estado de Puebla recibi\u00f3 2 millones 200 mil visitantes que es un 15 por ciento m\u00e1s que el mismo periodo del a\u00f1o pasado, con una derrama econ\u00f3mica de 2mil millones de pesos casi 3 mil que es un 36 por ciento m\u00e1s.<\/p>\n\n\n\n<p>Qu\u00e9 significa esto, que la gente se est\u00e1 quedando m\u00e1s d\u00edas a dormir y sobre todo que eligen el estado de Puebla, la estad\u00eda promedio fue de 1.85 d\u00edas, coment\u00f3 Karla L\u00f3pez Malo, Secretaria de Turismo.<\/p>\n\n\n\n<p>Mientras que los Pueblos M\u00e1gicos, se recibieron 600 mil visitantes lo que representa un 10.34 por ciento m\u00e1s que en 2024 y una derrama econ\u00f3mica de 7 millones de pesos, 20 por ciento m\u00e1s que el a\u00f1o pasado, en tanto que la estad\u00eda promedi\u00f3 creci\u00f3 en .55 por ciento, a\u00f1adi\u00f3.<\/p>\n\n\n\n<p>Puebla es un estado reconocido por su gran valor hist\u00f3rico, riqueza cultural, gastron\u00f3mica y la gran cantidad de opciones que ofrece para visitar y disfrutar de unos d\u00edas de recreaci\u00f3n y descanso.<\/p>\n","protected":false},"excerpt":{"rendered":"<p>Este 2025 el Gobierno Federal otorg\u00f3 una semana m\u00e1s de vacaciones a maestros y alumnos, es por eso que miles de personas aprovecharon esta iniciativa y viajaron a otros estados de la Rep\u00fablica, para disfrutar de estos d\u00edas de descanso. De esta manera, el lunes primero de septiembre iniciaron las clases en educaci\u00f3n b\u00e1sica y [&hellip;]<\/p>\n","protected":false},"author":4,"featured_media":67846,"comment_status":"open","ping_status":"open","sticky":false,"template":"","format":"standard","meta":{"om_disable_all_campaigns":false,"_monsterinsights_skip_tracking":false,"_monsterinsights_sitenote_active":false,"_monsterinsights_sitenote_note":"","_monsterinsights_sitenote_category":0,"footnotes":""},"categories":[2],"tags":[223],"class_list":["post-67845","post","type-post","status-publish","format-standard","has-post-thumbnail","hentry","category-negocios","tag-puebla"],"amp_enabled":true,"_links":{"self":[{"href":"https:\/\/lahora.mx\/index.php\/wp-json\/wp\/v2\/posts\/67845","targetHints":{"allow":["GET"]}}],"collection":[{"href":"https:\/\/lahora.mx\/index.php\/wp-json\/wp\/v2\/posts"}],"about":[{"href":"https:\/\/lahora.mx\/index.php\/wp-json\/wp\/v2\/types\/post"}],"author":[{"embeddable":true,"href":"https:\/\/lahora.mx\/index.php\/wp-json\/wp\/v2\/users\/4"}],"replies":[{"embeddable":true,"href":"https:\/\/lahora.mx\/index.php\/wp-json\/wp\/v2\/comments?post=67845"}],"version-history":[{"count":1,"href":"https:\/\/lahora.mx\/index.php\/wp-json\/wp\/v2\/posts\/67845\/revisions"}],"predecessor-version":[{"id":67847,"href":"https:\/\/lahora.mx\/index.php\/wp-json\/wp\/v2\/posts\/67845\/revisions\/67847"}],"wp:featuredmedia":[{"embeddable":true,"href":"https:\/\/lahora.mx\/index.php\/wp-json\/wp\/v2\/media\/67846"}],"wp:attachment":[{"href":"https:\/\/lahora.mx\/index.php\/wp-json\/wp\/v2\/media?parent=67845"}],"wp:term":[{"taxonomy":"category","embeddable":true,"href":"https:\/\/lahora.mx\/index.php\/wp-json\/wp\/v2\/categories?post=67845"},{"taxonomy":"post_tag","embeddable":true,"href":"https:\/\/lahora.mx\/index.php\/wp-json\/wp\/v2\/tags?post=67845"}],"curies":[{"name":"wp","href":"https:\/\/api.w.org\/{rel}","templated":true}]}}