{"id":67842,"date":"2025-09-04T17:50:06","date_gmt":"2025-09-04T17:50:06","guid":{"rendered":"https:\/\/lahora.mx\/?p=67842"},"modified":"2025-09-04T17:50:07","modified_gmt":"2025-09-04T17:50:07","slug":"puebla-sera-sede-de-competencia-de-automatizacion-industrial-del-sur-sureste","status":"publish","type":"post","link":"https:\/\/lahora.mx\/index.php\/2025\/09\/04\/puebla-sera-sede-de-competencia-de-automatizacion-industrial-del-sur-sureste\/","title":{"rendered":"Puebla ser\u00e1 sede de Competencia de Automatizaci\u00f3n Industrial del Sur-Sureste"},"content":{"rendered":"\n<p>En la conferencia ma\u00f1anera del gobernador Alejandro Armenta Mier, el director del Instituto de Capacitaci\u00f3n para el Trabajo del Estado de Puebla (ICATEP), Alfonso Aguirre, anunci\u00f3 que el 25 y 26 de septiembre la capital poblana ser\u00e1 sede de la 1ra Competencia de Automatizaci\u00f3n Industrial del Sur-Sureste.<\/p>\n\n\n\n<p>El evento ser\u00e1 realizado en colaboraci\u00f3n con la empresa alemana FESTO, reconocida internacionalmente por sus innovaciones tecnol\u00f3gicas y por liderar varios campos t\u00e9cnicos. Se busca reunir a j\u00f3venes universitarios de distintas entidades, quienes demostraran su talento y creatividad en campos como lo son:<br><br>Neum\u00e1tica.<\/p>\n\n\n\n<p>Electroneum\u00e1tica.<\/p>\n\n\n\n<p>Mec\u00e1nica.<\/p>\n\n\n\n<p>Programaci\u00f3n<\/p>\n\n\n\n<p>Aguirre indic\u00f3 que la evaluaci\u00f3n y premiaci\u00f3n va a estar a cargo de especialistas, lo que colocar\u00e1 a Puebla a la vanguardia de la innovaci\u00f3n t\u00e9cnica. Aunque resalt\u00f3 que m\u00e1s all\u00e1 de lo competitivo, con este evento buscan recordar algo esencial; la educaci\u00f3n t\u00e9cnica es un motor para generar una transformaci\u00f3n social.<\/p>\n\n\n\n<p>\u201cCada innovaci\u00f3n abre una puerta para empleos dignos, impulsa el emprendimiento y contribuye a reducir la pobreza, as\u00ed como la vulnerabilidad. La verdadera riqueza de Puebla, surge del talento de sus juventudes, y ese talento se convierte en paz con bienestar para las familias poblana\u201d, puntualiz\u00f3 el director del ICATEP.<\/p>\n\n\n\n<p>Mantente al tanto de todas las noticias de Puebla y el mundo. Haz clic aqu\u00ed para seguir explorando nuestro portal.<\/p>\n","protected":false},"excerpt":{"rendered":"<p>En la conferencia ma\u00f1anera del gobernador Alejandro Armenta Mier, el director del Instituto de Capacitaci\u00f3n para el Trabajo del Estado de Puebla (ICATEP), Alfonso Aguirre, anunci\u00f3 que el 25 y 26 de septiembre la capital poblana ser\u00e1 sede de la 1ra Competencia de Automatizaci\u00f3n Industrial del Sur-Sureste. El evento ser\u00e1 realizado en colaboraci\u00f3n con la [&hellip;]<\/p>\n","protected":false},"author":4,"featured_media":67843,"comment_status":"open","ping_status":"open","sticky":false,"template":"","format":"standard","meta":{"om_disable_all_campaigns":false,"_monsterinsights_skip_tracking":false,"_monsterinsights_sitenote_active":false,"_monsterinsights_sitenote_note":"","_monsterinsights_sitenote_category":0,"footnotes":""},"categories":[175],"tags":[195,223],"class_list":["post-67842","post","type-post","status-publish","format-standard","has-post-thumbnail","hentry","category-local","tag-principal","tag-puebla"],"amp_enabled":true,"_links":{"self":[{"href":"https:\/\/lahora.mx\/index.php\/wp-json\/wp\/v2\/posts\/67842","targetHints":{"allow":["GET"]}}],"collection":[{"href":"https:\/\/lahora.mx\/index.php\/wp-json\/wp\/v2\/posts"}],"about":[{"href":"https:\/\/lahora.mx\/index.php\/wp-json\/wp\/v2\/types\/post"}],"author":[{"embeddable":true,"href":"https:\/\/lahora.mx\/index.php\/wp-json\/wp\/v2\/users\/4"}],"replies":[{"embeddable":true,"href":"https:\/\/lahora.mx\/index.php\/wp-json\/wp\/v2\/comments?post=67842"}],"version-history":[{"count":1,"href":"https:\/\/lahora.mx\/index.php\/wp-json\/wp\/v2\/posts\/67842\/revisions"}],"predecessor-version":[{"id":67844,"href":"https:\/\/lahora.mx\/index.php\/wp-json\/wp\/v2\/posts\/67842\/revisions\/67844"}],"wp:featuredmedia":[{"embeddable":true,"href":"https:\/\/lahora.mx\/index.php\/wp-json\/wp\/v2\/media\/67843"}],"wp:attachment":[{"href":"https:\/\/lahora.mx\/index.php\/wp-json\/wp\/v2\/media?parent=67842"}],"wp:term":[{"taxonomy":"category","embeddable":true,"href":"https:\/\/lahora.mx\/index.php\/wp-json\/wp\/v2\/categories?post=67842"},{"taxonomy":"post_tag","embeddable":true,"href":"https:\/\/lahora.mx\/index.php\/wp-json\/wp\/v2\/tags?post=67842"}],"curies":[{"name":"wp","href":"https:\/\/api.w.org\/{rel}","templated":true}]}}