{"id":67839,"date":"2025-09-04T17:46:33","date_gmt":"2025-09-04T17:46:33","guid":{"rendered":"https:\/\/lahora.mx\/?p=67839"},"modified":"2025-09-04T17:46:33","modified_gmt":"2025-09-04T17:46:33","slug":"puebla-contara-con-un-centro-de-salud-mental-con-modelo-unico-en-mexico-armenta","status":"publish","type":"post","link":"https:\/\/lahora.mx\/index.php\/2025\/09\/04\/puebla-contara-con-un-centro-de-salud-mental-con-modelo-unico-en-mexico-armenta\/","title":{"rendered":"Puebla contar\u00e1 con un Centro de Salud Mental con modelo \u00fanico en M\u00e9xico: Armenta"},"content":{"rendered":"\n<p>El gobernador Alejandro Armenta anunci\u00f3 que Puebla ser\u00e1 sede de un Centro de Salud Mental que destacar\u00e1 a nivel nacional por su nivel de especializaci\u00f3n, convirti\u00e9ndose en un modelo \u00fanico en M\u00e9xico. El proyecto, dijo, estar\u00e1 listo pr\u00f3ximamente y busca dar respuesta a una de las principales preocupaciones de las familias: la atenci\u00f3n integral de hijas e hijos que enfrentan depresi\u00f3n y otros padecimientos emocionales.<\/p>\n\n\n\n<p>Durante su conferencia de prensa de este 4 de septiembre, Armenta reconoci\u00f3 la angustia de muchos padres y madres que no encuentran explicaci\u00f3n m\u00e9dica al sufrimiento de sus hijos. \u201cEntiendo como gobernador tu preocupaci\u00f3n, porque me has llevado a hacer estudios de todo tipo en los hijos, y no encuentro nada de por qu\u00e9 un chico o una chica est\u00e1 teniendo que ser c\u00f3mplice\u201d, expres\u00f3.<br>El gobernador Alejandro Armenta anunci\u00f3 que Puebla ser\u00e1 sede de un Centro de Salud Mental que destacar\u00e1 a nivel nacional por su nivel de especializaci\u00f3n, convirti\u00e9ndose en un modelo \u00fanico en M\u00e9xico. El proyecto, dijo, estar\u00e1 listo pr\u00f3ximamente y busca dar respuesta a una de las principales preocupaciones de las familias: la atenci\u00f3n integral de hijas e hijos que enfrentan depresi\u00f3n y otros padecimientos emocionales.<\/p>\n\n\n\n<p>Durante su conferencia de prensa de este 4 de septiembre, Armenta reconoci\u00f3 la angustia de muchos padres y madres que no encuentran explicaci\u00f3n m\u00e9dica al sufrimiento de sus hijos. \u201cEntiendo como gobernador tu preocupaci\u00f3n, porque me has llevado a hacer estudios de todo tipo en los hijos, y no encuentro nada de por qu\u00e9 un chico o una chica est\u00e1 teniendo que ser c\u00f3mplice\u201d, expres\u00f3.<\/p>\n","protected":false},"excerpt":{"rendered":"<p>El gobernador Alejandro Armenta anunci\u00f3 que Puebla ser\u00e1 sede de un Centro de Salud Mental que destacar\u00e1 a nivel nacional por su nivel de especializaci\u00f3n, convirti\u00e9ndose en un modelo \u00fanico en M\u00e9xico. El proyecto, dijo, estar\u00e1 listo pr\u00f3ximamente y busca dar respuesta a una de las principales preocupaciones de las familias: la atenci\u00f3n integral de [&hellip;]<\/p>\n","protected":false},"author":4,"featured_media":67840,"comment_status":"open","ping_status":"open","sticky":false,"template":"","format":"standard","meta":{"om_disable_all_campaigns":false,"_monsterinsights_skip_tracking":false,"_monsterinsights_sitenote_active":false,"_monsterinsights_sitenote_note":"","_monsterinsights_sitenote_category":0,"footnotes":""},"categories":[175],"tags":[239,223],"class_list":["post-67839","post","type-post","status-publish","format-standard","has-post-thumbnail","hentry","category-local","tag-gobierno","tag-puebla"],"amp_enabled":true,"_links":{"self":[{"href":"https:\/\/lahora.mx\/index.php\/wp-json\/wp\/v2\/posts\/67839","targetHints":{"allow":["GET"]}}],"collection":[{"href":"https:\/\/lahora.mx\/index.php\/wp-json\/wp\/v2\/posts"}],"about":[{"href":"https:\/\/lahora.mx\/index.php\/wp-json\/wp\/v2\/types\/post"}],"author":[{"embeddable":true,"href":"https:\/\/lahora.mx\/index.php\/wp-json\/wp\/v2\/users\/4"}],"replies":[{"embeddable":true,"href":"https:\/\/lahora.mx\/index.php\/wp-json\/wp\/v2\/comments?post=67839"}],"version-history":[{"count":1,"href":"https:\/\/lahora.mx\/index.php\/wp-json\/wp\/v2\/posts\/67839\/revisions"}],"predecessor-version":[{"id":67841,"href":"https:\/\/lahora.mx\/index.php\/wp-json\/wp\/v2\/posts\/67839\/revisions\/67841"}],"wp:featuredmedia":[{"embeddable":true,"href":"https:\/\/lahora.mx\/index.php\/wp-json\/wp\/v2\/media\/67840"}],"wp:attachment":[{"href":"https:\/\/lahora.mx\/index.php\/wp-json\/wp\/v2\/media?parent=67839"}],"wp:term":[{"taxonomy":"category","embeddable":true,"href":"https:\/\/lahora.mx\/index.php\/wp-json\/wp\/v2\/categories?post=67839"},{"taxonomy":"post_tag","embeddable":true,"href":"https:\/\/lahora.mx\/index.php\/wp-json\/wp\/v2\/tags?post=67839"}],"curies":[{"name":"wp","href":"https:\/\/api.w.org\/{rel}","templated":true}]}}