{"id":67800,"date":"2025-09-03T19:18:12","date_gmt":"2025-09-03T19:18:12","guid":{"rendered":"https:\/\/lahora.mx\/?p=67800"},"modified":"2025-09-03T19:18:12","modified_gmt":"2025-09-03T19:18:12","slug":"rechaza-consejo-universitario-impugnacion-de-zepeda-memije-no-sera-candidato","status":"publish","type":"post","link":"https:\/\/lahora.mx\/index.php\/2025\/09\/03\/rechaza-consejo-universitario-impugnacion-de-zepeda-memije-no-sera-candidato\/","title":{"rendered":"Rechaza Consejo Universitario impugnaci\u00f3n de Zepeda Memije; no ser\u00e1 candidato"},"content":{"rendered":"\n<p>La impugnaci\u00f3n de Rodolfo Javier Zepeda Memije para ser candidato a la rector\u00eda de la Benem\u00e9rita Universidad Aut\u00f3noma de Puebla (BUAP) fue rechazada y se exigi\u00f3 investigar penalmente la entrega de plazas de forma irregular.<\/p>\n\n\n\n<p>La tarde de este martes se reanud\u00f3 la sesi\u00f3n extraordinaria del Consejo Universitario para atender la solicitud de inconformidad de Zepeda Memije, luego de que denunci\u00f3 irregularidades en el proceso, adem\u00e1s de exigir su candidatura para la rector\u00eda.<\/p>\n\n\n\n<p>En este sentido la Comisi\u00f3n de Legislaci\u00f3n Universitaria, despu\u00e9s de una asesor\u00eda con la abogada general, M\u00edriam Ponce, analiz\u00f3 la petici\u00f3n del Coordinador del Eco Campus de la BUAP.<\/p>\n\n\n\n<p>Sobre sus se\u00f1alamientos al decir que hubo intervenci\u00f3n de la rectora Lilia Cedillo en la votaci\u00f3n de la convocatoria de la BUAP y la conformaci\u00f3n de la Comisi\u00f3n de Auscultaci\u00f3n, se indic\u00f3 que sus argumentos eran inoperantes e infundados, al considerar que los estatutos permiten la participaci\u00f3n de la rectora y que en ese momento a\u00fan no era candidata.<\/p>\n\n\n\n<p>En cuanto a la solicitud de que se le entregara su Constancia de Idoneidad al asegurar que hab\u00eda presentado todos los documentos para ser candidato a la rector\u00eda, la Comisi\u00f3n de Legislaci\u00f3n Universitaria reiter\u00f3 que no cuenta con los requisitos y se precis\u00f3 que hab\u00eda irregularidades con las plazas que present\u00f3.<\/p>\n\n\n\n<p>Ya que los documentos se\u00f1alan que una de las plazas presentadas para poder participar en el proceso estar\u00eda a nombre de la investigadora Guadalupe Morales Mej\u00eda.<\/p>\n\n\n\n<p>Despu\u00e9s de que la Comisi\u00f3n de Legislaci\u00f3n Universitaria propuso al Consejo Universitario que se mantenga la resoluci\u00f3n de rechazar la impugnaci\u00f3n de Rodolfo Javier Zepeda Memije, se abri\u00f3 el espacio para la participaci\u00f3n de los estudiantes.<\/p>\n\n\n\n<p>Ah\u00ed el consejero suplente de la titular Amira del Rayo Flores Urbina del Instituto de Fisiolog\u00eda, fue el primero en pedir que se revisaran todas las plazas que se entregaron antes de que se implementaran los cursos de oposici\u00f3n.<\/p>\n\n\n\n<p>El director del Instituto de Ciencias Sociales y Humanidades (ICSyH) \u00abAlfonso V\u00e9lez Pliego\u00bb, Giuseppe Lo Brutto, acompa\u00f1\u00f3 este posicionamiento, adem\u00e1s de mostrar su indignaci\u00f3n porque ocurrieran este tipo de actos que manchan el esfuerzo de los acad\u00e9micos por obtener una plaza.<\/p>\n\n\n\n<p>Asimismo, la alumna Ariadna Ram\u00edrez, de la Facultad de Administraci\u00f3n, ley\u00f3 un documento redactado por la investigadora Guadalupe Morales Mej\u00eda, en el cual ella rechazaba que haya cedido o abandonado su plaza, por lo que pidi\u00f3 se investigara el hecho.<\/p>\n\n\n\n<p>Fue as\u00ed que con 182 votos a favor, cero en contra y cero abstenciones, se aprob\u00f3 rechazar la impugnaci\u00f3n de Rodolfo Javier Zepeda Memije para ser candidato a la rector\u00eda de la BUAP.<\/p>\n\n\n\n<p>Adem\u00e1s se pidi\u00f3 a la Comisi\u00f3n de Honor y Justicia investigar y sancionar a qui\u00e9n o qui\u00e9nes resulten responsables de la documentaci\u00f3n irregular que present\u00f3 Zepeda Memije.<\/p>\n","protected":false},"excerpt":{"rendered":"<p>La impugnaci\u00f3n de Rodolfo Javier Zepeda Memije para ser candidato a la rector\u00eda de la Benem\u00e9rita Universidad Aut\u00f3noma de Puebla (BUAP) fue rechazada y se exigi\u00f3 investigar penalmente la entrega de plazas de forma irregular. La tarde de este martes se reanud\u00f3 la sesi\u00f3n extraordinaria del Consejo Universitario para atender la solicitud de inconformidad de [&hellip;]<\/p>\n","protected":false},"author":4,"featured_media":67801,"comment_status":"open","ping_status":"open","sticky":false,"template":"","format":"standard","meta":{"om_disable_all_campaigns":false,"_monsterinsights_skip_tracking":false,"_monsterinsights_sitenote_active":false,"_monsterinsights_sitenote_note":"","_monsterinsights_sitenote_category":0,"footnotes":""},"categories":[5],"tags":[223],"class_list":["post-67800","post","type-post","status-publish","format-standard","has-post-thumbnail","hentry","category-politica","tag-puebla"],"amp_enabled":true,"_links":{"self":[{"href":"https:\/\/lahora.mx\/index.php\/wp-json\/wp\/v2\/posts\/67800","targetHints":{"allow":["GET"]}}],"collection":[{"href":"https:\/\/lahora.mx\/index.php\/wp-json\/wp\/v2\/posts"}],"about":[{"href":"https:\/\/lahora.mx\/index.php\/wp-json\/wp\/v2\/types\/post"}],"author":[{"embeddable":true,"href":"https:\/\/lahora.mx\/index.php\/wp-json\/wp\/v2\/users\/4"}],"replies":[{"embeddable":true,"href":"https:\/\/lahora.mx\/index.php\/wp-json\/wp\/v2\/comments?post=67800"}],"version-history":[{"count":1,"href":"https:\/\/lahora.mx\/index.php\/wp-json\/wp\/v2\/posts\/67800\/revisions"}],"predecessor-version":[{"id":67802,"href":"https:\/\/lahora.mx\/index.php\/wp-json\/wp\/v2\/posts\/67800\/revisions\/67802"}],"wp:featuredmedia":[{"embeddable":true,"href":"https:\/\/lahora.mx\/index.php\/wp-json\/wp\/v2\/media\/67801"}],"wp:attachment":[{"href":"https:\/\/lahora.mx\/index.php\/wp-json\/wp\/v2\/media?parent=67800"}],"wp:term":[{"taxonomy":"category","embeddable":true,"href":"https:\/\/lahora.mx\/index.php\/wp-json\/wp\/v2\/categories?post=67800"},{"taxonomy":"post_tag","embeddable":true,"href":"https:\/\/lahora.mx\/index.php\/wp-json\/wp\/v2\/tags?post=67800"}],"curies":[{"name":"wp","href":"https:\/\/api.w.org\/{rel}","templated":true}]}}