{"id":67791,"date":"2025-09-03T18:49:19","date_gmt":"2025-09-03T18:49:19","guid":{"rendered":"https:\/\/lahora.mx\/?p=67791"},"modified":"2025-09-03T23:55:38","modified_gmt":"2025-09-03T23:55:38","slug":"armenta-culpa-a-la-28-de-octubre-de-quemar-ruta-en-protesta-de-normalistas","status":"publish","type":"post","link":"https:\/\/lahora.mx\/index.php\/2025\/09\/03\/armenta-culpa-a-la-28-de-octubre-de-quemar-ruta-en-protesta-de-normalistas\/","title":{"rendered":"Armenta acusa a la 28 de Octubre de quemar RUTA en protesta de normalistas"},"content":{"rendered":"\n<p>El gobernador Alejandro Armenta responsabiliz\u00f3 al l\u00edder de la UPVA 28 de Octubre, \u201cSimitrio\u201d Sarabia, por la quema de un autob\u00fas del sistema RUTA durante la manifestaci\u00f3n de normalistas de Teteles la tarde de ayer.<\/p>\n\n\n\n<p>\u201cHay di\u00e1logo se\u00f1or \u2018Simitrio\u2019, usted me pide di\u00e1logo y di\u00e1logo hay, \u00bfpor qu\u00e9 manda a su equipo a quemar autobuses? (\u2026) No es la forma de construir el di\u00e1logo, mi mano est\u00e1 extendida siempre, pero no es ocult\u00e1ndose en narcomenudeo, pidiendo derecho de piso o incendiando autobuses\u201d, asegur\u00f3 el titular del Ejecutivo.<\/p>\n\n\n\n<p>Durante su rueda de prensa, el titular del Ejecutivo estatal asegur\u00f3 que su gobierno se mantiene en una postura de di\u00e1logo tanto con la UPVA como con las normalistas, al tiempo que enfatiz\u00f3 que no se debe confundir dicha voluntad de di\u00e1logo con debilidad.<\/p>\n\n\n\n<p>\u201cHay di\u00e1logo, no hay debilidad. Hay prudencia, hay respeto, no hay debilidad, quien confunda eso se estar\u00e1 equivocando (\u2026) Hay delitos que se persiguen de oficio, el desconocimiento de la ley no te exime de la responsabilidad\u201d, advirti\u00f3 el gobernador.<\/p>\n\n\n\n<p>Alejandro Armenta vincul\u00f3 a la Uni\u00f3n Popular de Vendedores Ambulantes (UPVA) 28 de Octubre con la manifestaci\u00f3n ocurrida el d\u00eda de ayer y concretamente con la quema de la unidad de la L\u00ednea 3 de la RUTA en el contexto de la manifestaci\u00f3n de normalistas sobre el bulevar 5 de Mayo.<\/p>\n\n\n\n<p>Sobre dicha protesta, el mandatario cuestion\u00f3 tambi\u00e9n a las normalistas de Teteles, de quienes dijo que no permit\u00edan a sus compa\u00f1eras estudiar; mientras que el secretario de Gobernaci\u00f3n, Samuel Aguilar Pala, acus\u00f3 que estar\u00edan impidiendo a estudiantes de municipios aleda\u00f1os incorporarse al plantel.<\/p>\n\n\n\n<p>Adem\u00e1s, el titular de la Segob indic\u00f3 que en la Escuela Normal de Teteles hay un grupo de hombres que estar\u00edan buscando incidir en la negociaci\u00f3n con el gobierno estatal, lo cual repudi\u00f3 e indic\u00f3 que contin\u00faan las conversaciones para darle seguimiento a los acuerdos previos.<\/p>\n\n\n\n<p>Mientras que el titular de la SSP, vicealmirante Francisco S\u00e1nchez Gonz\u00e1lez, indic\u00f3 que \u201cquiero manifestarles que se atendi\u00f3 ayer el llamado, particip\u00f3 principalmente la Polic\u00eda Municipal (\u2026) Se procedi\u00f3 conforme a los protocolos que se deben llevar a cabo en este tipo de manifestaciones\u201d, afirm\u00f3.<\/p>\n\n\n\n<p>El secretario de Seguridad P\u00fablica reiter\u00f3 que el actuar de los cuerpos policiales durante la protesta estuvo acorde con las normativas y est\u00e1ndares de derechos humanos.<\/p>\n","protected":false},"excerpt":{"rendered":"<p>El gobernador Alejandro Armenta responsabiliz\u00f3 al l\u00edder de la UPVA 28 de Octubre, \u201cSimitrio\u201d Sarabia, por la quema de un autob\u00fas del sistema RUTA durante la manifestaci\u00f3n de normalistas de Teteles la tarde de ayer. \u201cHay di\u00e1logo se\u00f1or \u2018Simitrio\u2019, usted me pide di\u00e1logo y di\u00e1logo hay, \u00bfpor qu\u00e9 manda a su equipo a quemar autobuses? [&hellip;]<\/p>\n","protected":false},"author":4,"featured_media":67792,"comment_status":"open","ping_status":"open","sticky":false,"template":"","format":"standard","meta":{"om_disable_all_campaigns":false,"_monsterinsights_skip_tracking":false,"_monsterinsights_sitenote_active":false,"_monsterinsights_sitenote_note":"","_monsterinsights_sitenote_category":0,"footnotes":""},"categories":[175],"tags":[195,223],"class_list":["post-67791","post","type-post","status-publish","format-standard","has-post-thumbnail","hentry","category-local","tag-principal","tag-puebla"],"amp_enabled":true,"_links":{"self":[{"href":"https:\/\/lahora.mx\/index.php\/wp-json\/wp\/v2\/posts\/67791","targetHints":{"allow":["GET"]}}],"collection":[{"href":"https:\/\/lahora.mx\/index.php\/wp-json\/wp\/v2\/posts"}],"about":[{"href":"https:\/\/lahora.mx\/index.php\/wp-json\/wp\/v2\/types\/post"}],"author":[{"embeddable":true,"href":"https:\/\/lahora.mx\/index.php\/wp-json\/wp\/v2\/users\/4"}],"replies":[{"embeddable":true,"href":"https:\/\/lahora.mx\/index.php\/wp-json\/wp\/v2\/comments?post=67791"}],"version-history":[{"count":2,"href":"https:\/\/lahora.mx\/index.php\/wp-json\/wp\/v2\/posts\/67791\/revisions"}],"predecessor-version":[{"id":67813,"href":"https:\/\/lahora.mx\/index.php\/wp-json\/wp\/v2\/posts\/67791\/revisions\/67813"}],"wp:featuredmedia":[{"embeddable":true,"href":"https:\/\/lahora.mx\/index.php\/wp-json\/wp\/v2\/media\/67792"}],"wp:attachment":[{"href":"https:\/\/lahora.mx\/index.php\/wp-json\/wp\/v2\/media?parent=67791"}],"wp:term":[{"taxonomy":"category","embeddable":true,"href":"https:\/\/lahora.mx\/index.php\/wp-json\/wp\/v2\/categories?post=67791"},{"taxonomy":"post_tag","embeddable":true,"href":"https:\/\/lahora.mx\/index.php\/wp-json\/wp\/v2\/tags?post=67791"}],"curies":[{"name":"wp","href":"https:\/\/api.w.org\/{rel}","templated":true}]}}