{"id":67785,"date":"2025-09-03T18:04:50","date_gmt":"2025-09-03T18:04:50","guid":{"rendered":"https:\/\/lahora.mx\/?p=67785"},"modified":"2025-09-03T18:04:51","modified_gmt":"2025-09-03T18:04:51","slug":"capturan-a-el-senor-j-lider-de-los-toscano","status":"publish","type":"post","link":"https:\/\/lahora.mx\/index.php\/2025\/09\/03\/capturan-a-el-senor-j-lider-de-los-toscano\/","title":{"rendered":"capturan a El Se\u00f1or J, l\u00edder de \u201cLos Toscano\u201d"},"content":{"rendered":"\n<p>El supuesto l\u00edder del grupo delictivo \u201cLos Toscano\u201c, qued\u00f3 detenido en las \u00faltimas horas en la colonia Barrios de Arboledas, por autoridades estatales y federales, quienes lo ten\u00edan en la mira por considerarlo un objetivo prioritario ya que estar\u00eda vinculado al narcomenudeo en la zona centro y sur de la ciudad, entre otros delitos de alto impacto.<\/p>\n\n\n\n<p>La Secretar\u00eda de Seguridad P\u00fablica (SSP) confirm\u00f3 la captura de Julio Cesar N., mejor conocido como \u201cEl Se\u00f1or J., El Brother y\/o El Padrino\u201d, supuesto l\u00edder delincuencial de la banda de \u201cLos Toscano\u201d, con mayor presencia en colonias del Centro y Sur de la capital poblana.<\/p>\n\n\n\n<p>La captura de este personaje represent\u00f3 un duro golpe contra el narcotr\u00e1fico, pues Julio Cesar N., era uno de los principales distribuidores de drogas que operaban en diferentes puntos de la ciudad, en b\u00fasqueda de tener el control en otras colonias.<\/p>\n\n\n\n<p>Al momento de la detenci\u00f3n del l\u00edder de \u201cLos Toscano\u201d, las autoridades le aseguraron 67 bolsas de pl\u00e1stico con cristal o metanfetamina, 55 m\u00e1s con coca\u00edna y un envoltorio de marihuana; asimismo, le encontraron un arma de fuego calibre 380, abastecida con 18 cartuchos \u00fatiles y una fuerte cantidad de dinero en efectivo.<\/p>\n\n\n\n<p>De la misma forma, aseguraron un veh\u00edculo Audi de color gris con placas del Estado de Veracruz en el que se encontraba Julio Cesar N., al momento de su detenci\u00f3n.<\/p>\n\n\n\n<p>El hombre, ya qued\u00f3 puesto a disposici\u00f3n de la autoridad ministerial correspondiente a fin de ampliar las investigaciones y determinar su situaci\u00f3n legal.<\/p>\n","protected":false},"excerpt":{"rendered":"<p>El supuesto l\u00edder del grupo delictivo \u201cLos Toscano\u201c, qued\u00f3 detenido en las \u00faltimas horas en la colonia Barrios de Arboledas, por autoridades estatales y federales, quienes lo ten\u00edan en la mira por considerarlo un objetivo prioritario ya que estar\u00eda vinculado al narcomenudeo en la zona centro y sur de la ciudad, entre otros delitos de [&hellip;]<\/p>\n","protected":false},"author":4,"featured_media":67786,"comment_status":"open","ping_status":"open","sticky":false,"template":"","format":"standard","meta":{"om_disable_all_campaigns":false,"_monsterinsights_skip_tracking":false,"_monsterinsights_sitenote_active":false,"_monsterinsights_sitenote_note":"","_monsterinsights_sitenote_category":0,"footnotes":""},"categories":[175,226],"tags":[195,223],"class_list":["post-67785","post","type-post","status-publish","format-standard","has-post-thumbnail","hentry","category-local","category-policia","tag-principal","tag-puebla"],"amp_enabled":true,"_links":{"self":[{"href":"https:\/\/lahora.mx\/index.php\/wp-json\/wp\/v2\/posts\/67785","targetHints":{"allow":["GET"]}}],"collection":[{"href":"https:\/\/lahora.mx\/index.php\/wp-json\/wp\/v2\/posts"}],"about":[{"href":"https:\/\/lahora.mx\/index.php\/wp-json\/wp\/v2\/types\/post"}],"author":[{"embeddable":true,"href":"https:\/\/lahora.mx\/index.php\/wp-json\/wp\/v2\/users\/4"}],"replies":[{"embeddable":true,"href":"https:\/\/lahora.mx\/index.php\/wp-json\/wp\/v2\/comments?post=67785"}],"version-history":[{"count":1,"href":"https:\/\/lahora.mx\/index.php\/wp-json\/wp\/v2\/posts\/67785\/revisions"}],"predecessor-version":[{"id":67787,"href":"https:\/\/lahora.mx\/index.php\/wp-json\/wp\/v2\/posts\/67785\/revisions\/67787"}],"wp:featuredmedia":[{"embeddable":true,"href":"https:\/\/lahora.mx\/index.php\/wp-json\/wp\/v2\/media\/67786"}],"wp:attachment":[{"href":"https:\/\/lahora.mx\/index.php\/wp-json\/wp\/v2\/media?parent=67785"}],"wp:term":[{"taxonomy":"category","embeddable":true,"href":"https:\/\/lahora.mx\/index.php\/wp-json\/wp\/v2\/categories?post=67785"},{"taxonomy":"post_tag","embeddable":true,"href":"https:\/\/lahora.mx\/index.php\/wp-json\/wp\/v2\/tags?post=67785"}],"curies":[{"name":"wp","href":"https:\/\/api.w.org\/{rel}","templated":true}]}}