{"id":67779,"date":"2025-09-03T16:55:37","date_gmt":"2025-09-03T16:55:37","guid":{"rendered":"https:\/\/lahora.mx\/?p=67779"},"modified":"2025-09-03T16:55:38","modified_gmt":"2025-09-03T16:55:38","slug":"pronostican-sol-fuerte-y-lluvias-por-la-tarde-en-puebla","status":"publish","type":"post","link":"https:\/\/lahora.mx\/index.php\/2025\/09\/03\/pronostican-sol-fuerte-y-lluvias-por-la-tarde-en-puebla\/","title":{"rendered":"Pronostican sol fuerte y lluvias por la tarde en Puebla"},"content":{"rendered":"\n<p>La Direcci\u00f3n de Gesti\u00f3n de Riesgos en materia de Protecci\u00f3n Civil de la Secretar\u00eda de Gesti\u00f3n y Desarrollo Urbano, inform\u00f3 que se esperan condiciones parcialmente nubladas, con una probabilidad media de lluvias acompa\u00f1adas de tormentas el\u00e9ctricas durante la tarde, aproximadamente a las 17:00 horas.<\/p>\n\n\n\n<p>La acumulaci\u00f3n de agua se estima entre 0 a 5 mm. Se recomienda a la ciudadan\u00eda tomar precauciones en caso de actividad el\u00e9ctrica y mantenerse atentos a actualizaciones oficiales.<br>La temperatura m\u00e1xima ser\u00e1 de 24\u202f\u00b0C y la m\u00ednima de 14\u202f\u00b0C. Se alerta que el \u00edndice de radiaci\u00f3n UV se mantiene en nivel extremo, por lo que se exhorta a la poblaci\u00f3n a protegerse adecuadamente del sol con bloqueador, sombrero y ropa adecuada si realizan actividades al aire libre. La calidad del aire es buena, por lo que no representa riesgos para la salud en general.<\/p>\n","protected":false},"excerpt":{"rendered":"<p>La Direcci\u00f3n de Gesti\u00f3n de Riesgos en materia de Protecci\u00f3n Civil de la Secretar\u00eda de Gesti\u00f3n y Desarrollo Urbano, inform\u00f3 que se esperan condiciones parcialmente nubladas, con una probabilidad media de lluvias acompa\u00f1adas de tormentas el\u00e9ctricas durante la tarde, aproximadamente a las 17:00 horas. La acumulaci\u00f3n de agua se estima entre 0 a 5 mm. [&hellip;]<\/p>\n","protected":false},"author":4,"featured_media":67780,"comment_status":"open","ping_status":"open","sticky":false,"template":"","format":"standard","meta":{"om_disable_all_campaigns":false,"_monsterinsights_skip_tracking":false,"_monsterinsights_sitenote_active":false,"_monsterinsights_sitenote_note":"","_monsterinsights_sitenote_category":0,"footnotes":""},"categories":[175,226],"tags":[223],"class_list":["post-67779","post","type-post","status-publish","format-standard","has-post-thumbnail","hentry","category-local","category-policia","tag-puebla"],"amp_enabled":true,"_links":{"self":[{"href":"https:\/\/lahora.mx\/index.php\/wp-json\/wp\/v2\/posts\/67779","targetHints":{"allow":["GET"]}}],"collection":[{"href":"https:\/\/lahora.mx\/index.php\/wp-json\/wp\/v2\/posts"}],"about":[{"href":"https:\/\/lahora.mx\/index.php\/wp-json\/wp\/v2\/types\/post"}],"author":[{"embeddable":true,"href":"https:\/\/lahora.mx\/index.php\/wp-json\/wp\/v2\/users\/4"}],"replies":[{"embeddable":true,"href":"https:\/\/lahora.mx\/index.php\/wp-json\/wp\/v2\/comments?post=67779"}],"version-history":[{"count":1,"href":"https:\/\/lahora.mx\/index.php\/wp-json\/wp\/v2\/posts\/67779\/revisions"}],"predecessor-version":[{"id":67781,"href":"https:\/\/lahora.mx\/index.php\/wp-json\/wp\/v2\/posts\/67779\/revisions\/67781"}],"wp:featuredmedia":[{"embeddable":true,"href":"https:\/\/lahora.mx\/index.php\/wp-json\/wp\/v2\/media\/67780"}],"wp:attachment":[{"href":"https:\/\/lahora.mx\/index.php\/wp-json\/wp\/v2\/media?parent=67779"}],"wp:term":[{"taxonomy":"category","embeddable":true,"href":"https:\/\/lahora.mx\/index.php\/wp-json\/wp\/v2\/categories?post=67779"},{"taxonomy":"post_tag","embeddable":true,"href":"https:\/\/lahora.mx\/index.php\/wp-json\/wp\/v2\/tags?post=67779"}],"curies":[{"name":"wp","href":"https:\/\/api.w.org\/{rel}","templated":true}]}}