{"id":6775,"date":"2022-05-11T22:28:18","date_gmt":"2022-05-11T22:28:18","guid":{"rendered":"http:\/\/lahora.mx\/?p=6775"},"modified":"2022-05-11T22:28:55","modified_gmt":"2022-05-11T22:28:55","slug":"recibe-fge-a-madres-buscadoras-y-al-fin-pactan-plan-de-trabajo","status":"publish","type":"post","link":"https:\/\/lahora.mx\/index.php\/2022\/05\/11\/recibe-fge-a-madres-buscadoras-y-al-fin-pactan-plan-de-trabajo\/","title":{"rendered":"Recibe FGE a madres buscadoras y al fin pactan plan de trabajo"},"content":{"rendered":"\n<p>El titular de la Fiscal\u00eda General del Estado (FGE),&nbsp;<strong>Gilberto Higuera Bernal,&nbsp;<\/strong>recibi\u00f3 al fin a&nbsp;<strong>familiares de personas desaparecidas&nbsp;<\/strong>de Puebla y acordaron trabajar en conjunto, trece d\u00edas despu\u00e9s de que se lo solicitaron por escrito y luego de que madres buscadoras&nbsp;<strong>amagaron con un plant\u00f3n<\/strong>.<\/p>\n\n\n\n<p>La reuni\u00f3n se realiz\u00f3 a las&nbsp;<strong>11:30 horas de este mi\u00e9rcoles 11 de mayo,&nbsp;<\/strong>luego de que la noche del martes el colectivo La Voz de los Desaparecidos&nbsp;<strong>anunci\u00f3 un plant\u00f3n afuera de la FGE&nbsp;<\/strong>en la 31 Oriente, hasta que el fiscal las recibiera porque quer\u00edan se\u00f1alar las&nbsp;<strong>\u201cdeficiencias que hay en las carpetas de investigaci\u00f3n\u201d.<\/strong><br><\/p>\n\n\n\n<p>En un comunicado la organizaci\u00f3n detall\u00f3 que en la reuni\u00f3n participaron titulares de la&nbsp;<strong>Fiscal\u00eda Especializada en Desaparici\u00f3n,&nbsp;<\/strong>la Fiscal\u00eda Especializada en Investigaci\u00f3n de Secuestro y Extorsi\u00f3n, la Fiscal\u00eda Especializada en Derechos Humanos, as\u00ed como del<strong>&nbsp;Instituto de Ciencias Forenses.<\/strong><\/p>\n\n\n\n<p><strong>\u201cSe logr\u00f3 acordar la firma de un documento de coordinaci\u00f3n de trabajo&nbsp;<\/strong>entre las fiscal\u00edas antes mencionadas y familiares (&#8230;) con el \u00e1nimo de que dicho acuerdo formalizado permita que veamos reflejados&nbsp;<strong>resultados en beneficio de nuestra lucha&nbsp;<\/strong>por la verdad y justicia\u201d, inform\u00f3 el colectivo en sus redes sociales.<\/p>\n\n\n\n<p>La firma del documento se realizar\u00e1&nbsp;<strong>el pr\u00f3ximo 19 de mayo<\/strong>&nbsp;y, con esto, se levant\u00f3 el plant\u00f3 y la circulaci\u00f3n sobre la 31 Oriente y el bulevar 5 de mayo<strong>&nbsp;se reanud\u00f3 en su totalidad.<\/strong><\/p>\n\n\n\n<p>El pasado 28 de abril la Voz de los Desaparecidos&nbsp;<strong>solicit\u00f3 audiencia con el fiscal,&nbsp;<\/strong>pero su petici\u00f3n fue ignorada. Ayer, al finalizar la marcha del 10 de mayo, nuevamente&nbsp;<strong>entregaron un pliego petitorio&nbsp;<\/strong>que ten\u00eda como primer punto reunirse con Higuera Bernal, pero hasta este d\u00eda las recibi\u00f3.<\/p>\n\n\n\n<p>Ante la negativa que mostr\u00f3 el fiscal, esta ma\u00f1ana el gobernador&nbsp;<strong>Luis Miguel Barbosa Huerta<\/strong>&nbsp;prometi\u00f3 que \u00e9l&nbsp;<strong>se reunir\u00eda con las familias&nbsp;<\/strong>porque el estado tiene \u201ctoda la infraestructura legal para responder a sus reclamos\u201d.    <\/p>\n","protected":false},"excerpt":{"rendered":"<p>El titular de la Fiscal\u00eda General del Estado (FGE),&nbsp;Gilberto Higuera Bernal,&nbsp;recibi\u00f3 al fin a&nbsp;familiares de personas desaparecidas&nbsp;de Puebla y acordaron trabajar en conjunto, trece d\u00edas despu\u00e9s de que se lo solicitaron por escrito y luego de que madres buscadoras&nbsp;amagaron con un plant\u00f3n. La reuni\u00f3n se realiz\u00f3 a las&nbsp;11:30 horas de este mi\u00e9rcoles 11 de mayo,&nbsp;luego [&hellip;]<\/p>\n","protected":false},"author":4,"featured_media":6776,"comment_status":"open","ping_status":"open","sticky":false,"template":"","format":"standard","meta":{"om_disable_all_campaigns":false,"_monsterinsights_skip_tracking":false,"_monsterinsights_sitenote_active":false,"_monsterinsights_sitenote_note":"","_monsterinsights_sitenote_category":0,"footnotes":""},"categories":[175],"tags":[223],"class_list":["post-6775","post","type-post","status-publish","format-standard","has-post-thumbnail","hentry","category-local","tag-puebla"],"amp_enabled":true,"_links":{"self":[{"href":"https:\/\/lahora.mx\/index.php\/wp-json\/wp\/v2\/posts\/6775","targetHints":{"allow":["GET"]}}],"collection":[{"href":"https:\/\/lahora.mx\/index.php\/wp-json\/wp\/v2\/posts"}],"about":[{"href":"https:\/\/lahora.mx\/index.php\/wp-json\/wp\/v2\/types\/post"}],"author":[{"embeddable":true,"href":"https:\/\/lahora.mx\/index.php\/wp-json\/wp\/v2\/users\/4"}],"replies":[{"embeddable":true,"href":"https:\/\/lahora.mx\/index.php\/wp-json\/wp\/v2\/comments?post=6775"}],"version-history":[{"count":2,"href":"https:\/\/lahora.mx\/index.php\/wp-json\/wp\/v2\/posts\/6775\/revisions"}],"predecessor-version":[{"id":6778,"href":"https:\/\/lahora.mx\/index.php\/wp-json\/wp\/v2\/posts\/6775\/revisions\/6778"}],"wp:featuredmedia":[{"embeddable":true,"href":"https:\/\/lahora.mx\/index.php\/wp-json\/wp\/v2\/media\/6776"}],"wp:attachment":[{"href":"https:\/\/lahora.mx\/index.php\/wp-json\/wp\/v2\/media?parent=6775"}],"wp:term":[{"taxonomy":"category","embeddable":true,"href":"https:\/\/lahora.mx\/index.php\/wp-json\/wp\/v2\/categories?post=6775"},{"taxonomy":"post_tag","embeddable":true,"href":"https:\/\/lahora.mx\/index.php\/wp-json\/wp\/v2\/tags?post=6775"}],"curies":[{"name":"wp","href":"https:\/\/api.w.org\/{rel}","templated":true}]}}