{"id":67727,"date":"2025-09-02T23:54:49","date_gmt":"2025-09-02T23:54:49","guid":{"rendered":"https:\/\/lahora.mx\/?p=67727"},"modified":"2025-09-02T23:54:50","modified_gmt":"2025-09-02T23:54:50","slug":"video-normalistas-de-teteles-cierran-el-bulevar-5-de-mayo-en-puebla","status":"publish","type":"post","link":"https:\/\/lahora.mx\/index.php\/2025\/09\/02\/video-normalistas-de-teteles-cierran-el-bulevar-5-de-mayo-en-puebla\/","title":{"rendered":"VIDEO Normalistas de Teteles cierran el bulevar 5 de Mayo en Puebla"},"content":{"rendered":"\n<p>Lo que inici\u00f3 como una simple manifestaci\u00f3n por parte de los estudiantes de la Normal Rural Carmen Serd\u00e1n de Teteles, se termin\u00f3 saliendo de control, ya que realizaron una fogata y vandalizaron varios autobuses del Sistema de Red Urbana de Transporte Articulado (RUTA).<br><br>Fue cerca de las 13:00 horas cuando los estudiantes se manifestaron y cerraron el bulevar 5 de Mayo y 14 Oriente en ambas direcciones, con la finalidad de exigir la destituci\u00f3n inmediata del cuadro directivo de dicha instituci\u00f3n, ya que se\u00f1alan su inconformidad con los administrativos.<\/p>\n\n\n\n<p>Sin embargo, con el paso de las horas, los estudiantes que estaban apostados sobre el bulevar 5 de Mayo a la altura de San Francisco, en una primera instancia realizaron una fogata.<\/p>\n\n\n\n<p>Se\u00f1alaron que dicha acci\u00f3n la emprend\u00edan con la intenci\u00f3n de que las autoridades educativas del estado de Puebla atendieran sus peticiones.<\/p>\n\n\n\n<p>\u200b<\/p>\n\n\n\n<p>Ante la poca respuesta que existi\u00f3 por parte de las autoridades estatales, los estudiantes de la Normal Rural Carmen Serd\u00e1n de Teteles llevaron a cabo pintas sobre dos unidades del RUTA.<\/p>\n\n\n\n<p>Dentro de las lonas que portaron se le\u00eda las siguientes manifestaciones: \u201c\u00a1\u00a1\u00a1El Pueblo mirando tambi\u00e9n est\u00e1 apoyando!!!\u201d, \u201cSi no luchamos juntos, nos matar\u00e1n por separado\u201d, \u00a1\u00a1Teteles aguanta la Fecsm se levanta!!, \u201cExigimos respeto a la organizaci\u00f3n interna\u201d.<\/p>\n","protected":false},"excerpt":{"rendered":"<p>Lo que inici\u00f3 como una simple manifestaci\u00f3n por parte de los estudiantes de la Normal Rural Carmen Serd\u00e1n de Teteles, se termin\u00f3 saliendo de control, ya que realizaron una fogata y vandalizaron varios autobuses del Sistema de Red Urbana de Transporte Articulado (RUTA). Fue cerca de las 13:00 horas cuando los estudiantes se manifestaron y [&hellip;]<\/p>\n","protected":false},"author":4,"featured_media":67728,"comment_status":"open","ping_status":"open","sticky":false,"template":"","format":"standard","meta":{"om_disable_all_campaigns":false,"_monsterinsights_skip_tracking":false,"_monsterinsights_sitenote_active":false,"_monsterinsights_sitenote_note":"","_monsterinsights_sitenote_category":0,"footnotes":""},"categories":[175],"tags":[],"class_list":["post-67727","post","type-post","status-publish","format-standard","has-post-thumbnail","hentry","category-local"],"amp_enabled":true,"_links":{"self":[{"href":"https:\/\/lahora.mx\/index.php\/wp-json\/wp\/v2\/posts\/67727","targetHints":{"allow":["GET"]}}],"collection":[{"href":"https:\/\/lahora.mx\/index.php\/wp-json\/wp\/v2\/posts"}],"about":[{"href":"https:\/\/lahora.mx\/index.php\/wp-json\/wp\/v2\/types\/post"}],"author":[{"embeddable":true,"href":"https:\/\/lahora.mx\/index.php\/wp-json\/wp\/v2\/users\/4"}],"replies":[{"embeddable":true,"href":"https:\/\/lahora.mx\/index.php\/wp-json\/wp\/v2\/comments?post=67727"}],"version-history":[{"count":1,"href":"https:\/\/lahora.mx\/index.php\/wp-json\/wp\/v2\/posts\/67727\/revisions"}],"predecessor-version":[{"id":67729,"href":"https:\/\/lahora.mx\/index.php\/wp-json\/wp\/v2\/posts\/67727\/revisions\/67729"}],"wp:featuredmedia":[{"embeddable":true,"href":"https:\/\/lahora.mx\/index.php\/wp-json\/wp\/v2\/media\/67728"}],"wp:attachment":[{"href":"https:\/\/lahora.mx\/index.php\/wp-json\/wp\/v2\/media?parent=67727"}],"wp:term":[{"taxonomy":"category","embeddable":true,"href":"https:\/\/lahora.mx\/index.php\/wp-json\/wp\/v2\/categories?post=67727"},{"taxonomy":"post_tag","embeddable":true,"href":"https:\/\/lahora.mx\/index.php\/wp-json\/wp\/v2\/tags?post=67727"}],"curies":[{"name":"wp","href":"https:\/\/api.w.org\/{rel}","templated":true}]}}