{"id":6772,"date":"2022-05-11T22:09:04","date_gmt":"2022-05-11T22:09:04","guid":{"rendered":"http:\/\/lahora.mx\/?p=6772"},"modified":"2022-05-11T22:09:05","modified_gmt":"2022-05-11T22:09:05","slug":"el-gobernador-barbosa-pide-a-alcaldes-de-puebla-actuar-con-transparencia","status":"publish","type":"post","link":"https:\/\/lahora.mx\/index.php\/2022\/05\/11\/el-gobernador-barbosa-pide-a-alcaldes-de-puebla-actuar-con-transparencia\/","title":{"rendered":"El gobernador Barbosa pide a alcaldes de Puebla actuar con transparencia"},"content":{"rendered":"\n<p>Mediante un llamado reiterativo a los alcaldes de las 217 demarcaciones en el estado de Puebla, el gobernador Miguel Barbosa Huerta, pidi\u00f3 que se act\u00fae con transparencia. Lo anterior\u00a0<strong>en relaci\u00f3n a la detenci\u00f3n de Arturo C presidente municipal de acatl\u00e1n de Osorio <\/strong>por su presunta responsabilidad en el\u00a0<strong>atentado que acab\u00f3 con la vida del ex director de Seguridad Municipal<\/strong>\u00a0de ese lugar, H\u00e9ctor Garc\u00eda y su esposa, Guadalupe Campos.<\/p>\n\n\n\n<p>Tras comentar que el caso forma parte de una investigaci\u00f3n ministerial activa, a cargo de la Fiscal\u00eda General del Estado (FGE), sobre el asesinato del ex funcionario y su c\u00f3nyuge, as\u00ed como la agresi\u00f3n a sus hijos, el pasado 21 de abril,\u00a0<strong>el titular del Ejecutivo estatal se abstuvo de emitir una opini\u00f3n sobre la situaci\u00f3n que prevalece en esa alcald\u00eda poblana\u00a0<\/strong>que se encuentra sin edil en este momento. Refiri\u00f3 que, de acuerdo con la legislaci\u00f3n vigente, previo a la vinculaci\u00f3n a proceso,<strong>\u00a0las personas se\u00f1aladas son inocentes hasta comprobar lo contrario.<\/strong><br><\/p>\n\n\n\n<p><strong>Tenemos que tratar este caso, as\u00ed como lo pidi\u00f3 la presidencia estatal del [Partido Acci\u00f3n Nacional] considerado este caso y su presunto responsable bajo la presunci\u00f3n de inocencia. No est\u00e1 vinculado a proceso todav\u00eda, esperemos, si eso ocurre podr\u00e9 dar una opini\u00f3n un poco m\u00e1s amplia, si eso no ocurre, tendr\u00e1 otra condici\u00f3n el asunto\u201d,<\/strong>&nbsp;apunt\u00f3.<\/p>\n\n\n\n<h2 class=\"wp-block-heading\"><strong>\u201cQUE LOS YUNQUISTAS SALGAN DEL CL\u00d3SET: BARBOSA\u201d<\/strong><\/h2>\n\n\n\n<p>Tras defender su postura respecto a&nbsp;<strong>la decisi\u00f3n del Ayuntamiento de Puebla, acerca de la licitaci\u00f3n otorgada a la empresa Cargo M\u00f3vil,&nbsp;<\/strong>mejor conocida como Parkimovil, para operar el sistema de parqu\u00edmetros en la capital poblana,&nbsp;<strong>Barbosa Huerta reiter\u00f3 que esa agrupaci\u00f3n privada est\u00e1 ligada a personas que navegan con una ideolog\u00eda particularmente de ultraderecha,<\/strong>&nbsp;mejor conocida en la entidad como El Yunque.<\/p>\n\n\n\n<p>Lo anterior ocurri\u00f3 despu\u00e9s de que el alcalde de Puebla emanado del PAN, Eduardo Rivera P\u00e9rez, mencion\u00f3 el 10 de mayo que la decisi\u00f3n de su Cabildo se dio a partir de una evaluaci\u00f3n exhaustiva que permiti\u00f3 que se eligiera a la mejor compa\u00f1\u00eda, por lo que\u00a0<strong>neg\u00f3 que la decisi\u00f3n haya sido con base a afinidades pol\u00edticas. Incluso, el edil defendi\u00f3 que esa misma sociedad comercial ha participado con gobiernos de todos los partidos<\/strong>, incluidos de Morena.<br><\/p>\n\n\n\n<p>En ese tenor, el gobernador hizo alusi\u00f3n a la naturaleza de ese grupo pol\u00edtico y&nbsp;<strong>explic\u00f3 que su cr\u00edtica no es hacia la ideolog\u00eda de El Yunque,&nbsp;<\/strong>que \u201cya todos la conocen\u201d,<strong>&nbsp;sino m\u00e1s bien, es hacia el hecho de que una autoridad af\u00edn a sus pensamientos,&nbsp;<\/strong>solicite los servicios de una compa\u00f1\u00eda con esas caracter\u00edsticas ideol\u00f3gicas.<\/p>\n\n\n\n<p><strong>\u201cEst\u00e1 visto que el Yunque es un grupo ideol\u00f3gico que busca el poder, aqu\u00ed en Puebla as\u00ed naci\u00f3 y as\u00ed se ha mantenido (&#8230;). Eso no es malo, lo que s\u00ed es malo es que llegue una autoridad con esos perfiles y que inmediatamente se presenten casos de beneficio a empresas que tengan integrantes de esos grupos ideol\u00f3gicos, eso si no est\u00e1 bien\u201d,<\/strong>&nbsp;apunt\u00f3.<\/p>\n\n\n\n<p>Dicho esto, pidi\u00f3 a los empresarios y pol\u00edticos afines a esa corriente de pensamiento, a que no evadan su pertenencia a la misma:\u00a0<em>\u201cRespeto al Yunque, que los integrantes (&#8230;) asuman que son yunquistas, yo quiero ver ma\u00f1ana que todos los yunquistas salgan del cl\u00f3set y que digan \u2018Soy del Yunque\u2019, eso s\u00ed ser\u00eda un acto de valent\u00eda ideol\u00f3gica\u201d.<\/em><br><\/p>\n\n\n\n<h2 class=\"wp-block-heading\"><strong>\u201dSIN IMPORTAR EL PERFIL, MORENA TIENE MI RESPALDO EN 2024: BARBOSA\u201d<\/strong><\/h2>\n\n\n\n<p>En otro entendimiento, Barbosa Huerta se adelant\u00f3 a los comicios federales y estatales que se avecinan para 2024 y dijo que si bien,\u00a0<strong>\u00e9l mantendr\u00e1 su distancia con el desarrollo del proceso, s\u00ed apoyar\u00e1 p\u00fablicamente a la o el candidato que impulse su partido Morena,<\/strong>\u00a0independientemente de quien sea.<br><strong>Yo estar\u00e9 como \u00e1rbitro de la sociedad en las elecciones sin meter recursos p\u00fablicos (&#8230;) [y] sin manipular los \u00f3rganos electorales como se ha hecho en el pasado pol\u00edtico de Puebla (&#8230;) [Yo] estar\u00e9 con la mujer o con el hombre que postule Morena\u201d,<\/strong>\u00a0concluy\u00f3.<\/p>\n","protected":false},"excerpt":{"rendered":"<p>Mediante un llamado reiterativo a los alcaldes de las 217 demarcaciones en el estado de Puebla, el gobernador Miguel Barbosa Huerta, pidi\u00f3 que se act\u00fae con transparencia. Lo anterior\u00a0en relaci\u00f3n a la detenci\u00f3n de Arturo C presidente municipal de acatl\u00e1n de Osorio por su presunta responsabilidad en el\u00a0atentado que acab\u00f3 con la vida del ex [&hellip;]<\/p>\n","protected":false},"author":4,"featured_media":6773,"comment_status":"open","ping_status":"open","sticky":false,"template":"","format":"standard","meta":{"om_disable_all_campaigns":false,"_monsterinsights_skip_tracking":false,"_monsterinsights_sitenote_active":false,"_monsterinsights_sitenote_note":"","_monsterinsights_sitenote_category":0,"footnotes":""},"categories":[175],"tags":[195,223],"class_list":["post-6772","post","type-post","status-publish","format-standard","has-post-thumbnail","hentry","category-local","tag-principal","tag-puebla"],"amp_enabled":true,"_links":{"self":[{"href":"https:\/\/lahora.mx\/index.php\/wp-json\/wp\/v2\/posts\/6772","targetHints":{"allow":["GET"]}}],"collection":[{"href":"https:\/\/lahora.mx\/index.php\/wp-json\/wp\/v2\/posts"}],"about":[{"href":"https:\/\/lahora.mx\/index.php\/wp-json\/wp\/v2\/types\/post"}],"author":[{"embeddable":true,"href":"https:\/\/lahora.mx\/index.php\/wp-json\/wp\/v2\/users\/4"}],"replies":[{"embeddable":true,"href":"https:\/\/lahora.mx\/index.php\/wp-json\/wp\/v2\/comments?post=6772"}],"version-history":[{"count":1,"href":"https:\/\/lahora.mx\/index.php\/wp-json\/wp\/v2\/posts\/6772\/revisions"}],"predecessor-version":[{"id":6774,"href":"https:\/\/lahora.mx\/index.php\/wp-json\/wp\/v2\/posts\/6772\/revisions\/6774"}],"wp:featuredmedia":[{"embeddable":true,"href":"https:\/\/lahora.mx\/index.php\/wp-json\/wp\/v2\/media\/6773"}],"wp:attachment":[{"href":"https:\/\/lahora.mx\/index.php\/wp-json\/wp\/v2\/media?parent=6772"}],"wp:term":[{"taxonomy":"category","embeddable":true,"href":"https:\/\/lahora.mx\/index.php\/wp-json\/wp\/v2\/categories?post=6772"},{"taxonomy":"post_tag","embeddable":true,"href":"https:\/\/lahora.mx\/index.php\/wp-json\/wp\/v2\/tags?post=6772"}],"curies":[{"name":"wp","href":"https:\/\/api.w.org\/{rel}","templated":true}]}}