{"id":67719,"date":"2025-08-12T23:11:01","date_gmt":"2025-08-12T23:11:01","guid":{"rendered":"https:\/\/lahora.mx\/?p=67719"},"modified":"2025-09-02T23:12:56","modified_gmt":"2025-09-02T23:12:56","slug":"del-13-al-17-de-agosto-feria-patronal-de-coronango-invitan-en-congreso","status":"publish","type":"post","link":"https:\/\/lahora.mx\/index.php\/2025\/08\/12\/del-13-al-17-de-agosto-feria-patronal-de-coronango-invitan-en-congreso\/","title":{"rendered":"Del 13 al 17 de agosto, Feria Patronal de Coronango, invitan en Congreso"},"content":{"rendered":"\n<p>Del 13 al 17 de agosto se llevar\u00e1 a cabo la Feria Patronal del municipio de Coronango, donde habr\u00e1 muestra gastron\u00f3mica, juegos mec\u00e1nicos, concurso de mole y foro art\u00edstico con la presentaci\u00f3n de diferentes grupos musicales.&nbsp;<\/p>\n\n\n\n<p>La diputada Ang\u00e9lica Patricia Alvarado Ju\u00e1rez se\u00f1al\u00f3 que Coronango es un municipio que promueve su cultura y ra\u00edces, tambi\u00e9n que preserva las tradiciones y los saberes ancestrales, los cuales son fundamentales para el fortalecimiento del turismo en Puebla.&nbsp;<\/p>\n\n\n\n<p>\u201cTenemos que seguir conservando nuestra cultura, nuestras ra\u00edces, que Puebla se convierta no solamente en el latido de M\u00e9xico, sino que tambi\u00e9n nosotros como poblanos sigamos difundiendo todos los atractivos tur\u00edsticos y culturales que tenemos en los 217 municipios\u201d, indic\u00f3 la diputada presidenta de la Comisi\u00f3n de Turismo en el Poder Legislativo.&nbsp;&nbsp;<\/p>\n\n\n\n<p>La titular del Voluntariado del Congreso, Minerva Garc\u00eda Ch\u00e1vez dio la bienvenida a las autoridades del municipio de Coronango y extendi\u00f3 la invitaci\u00f3n a la ciudadan\u00eda para que acudan a la Feria Patronal, un espacio de convivencia y esparcimiento para las familias, donde se promueve el arte, la cultura y las tradiciones.&nbsp;<\/p>\n\n\n\n<p>En su momento, el presidente municipal, Armando Aguirre Amaro dio los detalles de la festividad, que considera la elaboraci\u00f3n de una alfombra monumental a instalarse dentro de la Parroquia de Santa Mar\u00eda de la Asunci\u00f3n en la cabecera municipal, el concurso de mole, con distintas recetas tradicionales, as\u00ed como la presentaci\u00f3n musical del Grupo Liberaci\u00f3n, Los Acosta y Los Marios.&nbsp;<\/p>\n\n\n\n<p>El alcalde inform\u00f3 que se espera recibir a 25 mil personas durante la Feria Patronal y se calcula una derrama econ\u00f3mica de 4 millones de pesos; adem\u00e1s, se\u00f1al\u00f3 que como parte del evento se desplegar\u00e1 un operativo de seguridad con la participaci\u00f3n de los tres niveles de gobierno.<\/p>\n","protected":false},"excerpt":{"rendered":"<p>Del 13 al 17 de agosto se llevar\u00e1 a cabo la Feria Patronal del municipio de Coronango, donde habr\u00e1 muestra gastron\u00f3mica, juegos mec\u00e1nicos, concurso de mole y foro art\u00edstico con la presentaci\u00f3n de diferentes grupos musicales.&nbsp; La diputada Ang\u00e9lica Patricia Alvarado Ju\u00e1rez se\u00f1al\u00f3 que Coronango es un municipio que promueve su cultura y ra\u00edces, tambi\u00e9n [&hellip;]<\/p>\n","protected":false},"author":4,"featured_media":67720,"comment_status":"open","ping_status":"open","sticky":false,"template":"","format":"standard","meta":{"om_disable_all_campaigns":false,"_monsterinsights_skip_tracking":false,"_monsterinsights_sitenote_active":false,"_monsterinsights_sitenote_note":"","_monsterinsights_sitenote_category":0,"footnotes":""},"categories":[175],"tags":[227,223],"class_list":["post-67719","post","type-post","status-publish","format-standard","has-post-thumbnail","hentry","category-local","tag-congreso","tag-puebla"],"amp_enabled":true,"_links":{"self":[{"href":"https:\/\/lahora.mx\/index.php\/wp-json\/wp\/v2\/posts\/67719","targetHints":{"allow":["GET"]}}],"collection":[{"href":"https:\/\/lahora.mx\/index.php\/wp-json\/wp\/v2\/posts"}],"about":[{"href":"https:\/\/lahora.mx\/index.php\/wp-json\/wp\/v2\/types\/post"}],"author":[{"embeddable":true,"href":"https:\/\/lahora.mx\/index.php\/wp-json\/wp\/v2\/users\/4"}],"replies":[{"embeddable":true,"href":"https:\/\/lahora.mx\/index.php\/wp-json\/wp\/v2\/comments?post=67719"}],"version-history":[{"count":1,"href":"https:\/\/lahora.mx\/index.php\/wp-json\/wp\/v2\/posts\/67719\/revisions"}],"predecessor-version":[{"id":67721,"href":"https:\/\/lahora.mx\/index.php\/wp-json\/wp\/v2\/posts\/67719\/revisions\/67721"}],"wp:featuredmedia":[{"embeddable":true,"href":"https:\/\/lahora.mx\/index.php\/wp-json\/wp\/v2\/media\/67720"}],"wp:attachment":[{"href":"https:\/\/lahora.mx\/index.php\/wp-json\/wp\/v2\/media?parent=67719"}],"wp:term":[{"taxonomy":"category","embeddable":true,"href":"https:\/\/lahora.mx\/index.php\/wp-json\/wp\/v2\/categories?post=67719"},{"taxonomy":"post_tag","embeddable":true,"href":"https:\/\/lahora.mx\/index.php\/wp-json\/wp\/v2\/tags?post=67719"}],"curies":[{"name":"wp","href":"https:\/\/api.w.org\/{rel}","templated":true}]}}