{"id":67713,"date":"2025-08-13T23:08:15","date_gmt":"2025-08-13T23:08:15","guid":{"rendered":"https:\/\/lahora.mx\/?p=67713"},"modified":"2025-09-02T23:09:35","modified_gmt":"2025-09-02T23:09:35","slug":"participacion-ciudadana-la-forma-correcta-de-legislar-laura-artemisa","status":"publish","type":"post","link":"https:\/\/lahora.mx\/index.php\/2025\/08\/13\/participacion-ciudadana-la-forma-correcta-de-legislar-laura-artemisa\/","title":{"rendered":"Participaci\u00f3n ciudadana, la forma correcta de legislar: Laura Artemisa"},"content":{"rendered":"\n<p>Durante la presentaci\u00f3n de las conclusiones del foro denominado \u201cTransitando hacia el Constitucionalismo del Siglo XXI en el Estado Libre y Soberano de Puebla\u201d, la presidenta de la Junta de Gobierno y Coordinaci\u00f3n Pol\u00edtica del Congreso, Laura Artemisa Garc\u00eda Ch\u00e1vez se\u00f1al\u00f3 que es necesaria la participaci\u00f3n ciudadana, as\u00ed como de las y los expertos para legislar y dar respuesta a las demandas de la poblaci\u00f3n.&nbsp;<\/p>\n\n\n\n<p>Ante abogadas y abogados de diferentes instituciones que participaron en el desarrollo de los cinco ejes tem\u00e1ticos del foro, la diputada presidenta se\u00f1al\u00f3 que el Congreso del Estado mantendr\u00e1 estos ejercicios de di\u00e1logo y alta escucha, que permitan fortalecer la representaci\u00f3n de las y los ciudadanos para hacer los cambios en el marco normativo con una visi\u00f3n diferente.&nbsp;<\/p>\n\n\n\n<p>La diputada presidenta indic\u00f3 que los diferentes foros realizados en el marco del Bicentenario de la Constituci\u00f3n Pol\u00edtica del Estado Libre y Soberano de Puebla de 1825 han dejado diferentes ense\u00f1anzas con la participaci\u00f3n de expertas y expertos en diversos temas, por lo que todas sus propuestas ser\u00e1n revisadas y analizadas.&nbsp;&nbsp;<\/p>\n\n\n\n<p>\u201cNecesitamos hacer de estos ejercicios, ejercicios permanentes y buscaremos la forma para que justamente hagamos de la participaci\u00f3n ciudadana y de los expertos, una forma permanente para poder legislar (\u2026) debemos ir de la mano de quienes han trabajado con los marcos jur\u00eddicos, quienes han caminado con las Leyes\u201d, expuso.&nbsp;<\/p>\n\n\n\n<p>Por su parte, la titular del Voluntariado del Congreso, Minerva Garc\u00eda Ch\u00e1vez se\u00f1al\u00f3 que este ha sido un proceso enriquecedor y la presencia de todas y todos los participantes ha sido importante para refrendar que este es un Congreso vivo, humano, fuerte y sensible.&nbsp;<\/p>\n\n\n\n<p>En el foro, se presentaron las conclusiones de los ejes tem\u00e1ticos por parte de quienes los coordinaron, Juan Pablo Salazar Andreu, a cargo del tema \u201cBalance Hist\u00f3rico y Prospectiva de la Constituci\u00f3n Pol\u00edtica del Estado\u201d y Rodrigo Lazcano Fern\u00e1ndez con el tema \u201cInstituciones, Gobernabilidad y Redise\u00f1o del Estado\u201d.&nbsp;&nbsp;<\/p>\n\n\n\n<p>Adem\u00e1s, dieron sus conclusiones Jorge Alberto Dom\u00ednguez Mart\u00ednez con el tema \u201cDerechos Humanos y Justicia Sustantiva\u201d; Diana Arellano Ram\u00edrez con el tema \u201cPoblaci\u00f3n y Territorio\u201d; as\u00ed como Rommel Lazcano Ortiz con el tema \u201cRetos de la Justicia Digital y la Inteligencia Artificial en el Derecho\u201d.<\/p>\n","protected":false},"excerpt":{"rendered":"<p>Durante la presentaci\u00f3n de las conclusiones del foro denominado \u201cTransitando hacia el Constitucionalismo del Siglo XXI en el Estado Libre y Soberano de Puebla\u201d, la presidenta de la Junta de Gobierno y Coordinaci\u00f3n Pol\u00edtica del Congreso, Laura Artemisa Garc\u00eda Ch\u00e1vez se\u00f1al\u00f3 que es necesaria la participaci\u00f3n ciudadana, as\u00ed como de las y los expertos para [&hellip;]<\/p>\n","protected":false},"author":4,"featured_media":67714,"comment_status":"open","ping_status":"open","sticky":false,"template":"","format":"standard","meta":{"om_disable_all_campaigns":false,"_monsterinsights_skip_tracking":false,"_monsterinsights_sitenote_active":false,"_monsterinsights_sitenote_note":"","_monsterinsights_sitenote_category":0,"footnotes":""},"categories":[175],"tags":[227,223],"class_list":["post-67713","post","type-post","status-publish","format-standard","has-post-thumbnail","hentry","category-local","tag-congreso","tag-puebla"],"amp_enabled":true,"_links":{"self":[{"href":"https:\/\/lahora.mx\/index.php\/wp-json\/wp\/v2\/posts\/67713","targetHints":{"allow":["GET"]}}],"collection":[{"href":"https:\/\/lahora.mx\/index.php\/wp-json\/wp\/v2\/posts"}],"about":[{"href":"https:\/\/lahora.mx\/index.php\/wp-json\/wp\/v2\/types\/post"}],"author":[{"embeddable":true,"href":"https:\/\/lahora.mx\/index.php\/wp-json\/wp\/v2\/users\/4"}],"replies":[{"embeddable":true,"href":"https:\/\/lahora.mx\/index.php\/wp-json\/wp\/v2\/comments?post=67713"}],"version-history":[{"count":1,"href":"https:\/\/lahora.mx\/index.php\/wp-json\/wp\/v2\/posts\/67713\/revisions"}],"predecessor-version":[{"id":67715,"href":"https:\/\/lahora.mx\/index.php\/wp-json\/wp\/v2\/posts\/67713\/revisions\/67715"}],"wp:featuredmedia":[{"embeddable":true,"href":"https:\/\/lahora.mx\/index.php\/wp-json\/wp\/v2\/media\/67714"}],"wp:attachment":[{"href":"https:\/\/lahora.mx\/index.php\/wp-json\/wp\/v2\/media?parent=67713"}],"wp:term":[{"taxonomy":"category","embeddable":true,"href":"https:\/\/lahora.mx\/index.php\/wp-json\/wp\/v2\/categories?post=67713"},{"taxonomy":"post_tag","embeddable":true,"href":"https:\/\/lahora.mx\/index.php\/wp-json\/wp\/v2\/tags?post=67713"}],"curies":[{"name":"wp","href":"https:\/\/api.w.org\/{rel}","templated":true}]}}