{"id":67706,"date":"2025-09-02T22:12:53","date_gmt":"2025-09-02T22:12:53","guid":{"rendered":"https:\/\/lahora.mx\/?p=67706"},"modified":"2025-09-02T22:12:53","modified_gmt":"2025-09-02T22:12:53","slug":"avalan-en-comision-del-congreso-exhorto-para-reforzar-la-atencion-investigacion-y-sancion-de-la-violencia-familiar","status":"publish","type":"post","link":"https:\/\/lahora.mx\/index.php\/2025\/09\/02\/avalan-en-comision-del-congreso-exhorto-para-reforzar-la-atencion-investigacion-y-sancion-de-la-violencia-familiar\/","title":{"rendered":"Avalan en Comisi\u00f3n del Congreso exhorto para reforzar la atenci\u00f3n, investigaci\u00f3n y sanci\u00f3n de la violencia familiar"},"content":{"rendered":"\n<p>En sesi\u00f3n de la Comisi\u00f3n de Procuraci\u00f3n y Administraci\u00f3n de Justicia del Congreso, las y los diputados aprobaron un punto de acuerdo por el que se exhorta a la Fiscal\u00eda General del Estado de Puebla para que, en el \u00e1mbito de su competencia, refuerce la atenci\u00f3n, investigaci\u00f3n y sanci\u00f3n de los delitos de violencia familiar.<\/p>\n\n\n\n<p>Lo anterior, garantizando un enfoque integral que incluya la capacitaci\u00f3n continua de su personal, la protecci\u00f3n efectiva de las v\u00edctimas y la coordinaci\u00f3n con otras dependencias y entidades para otorgar una respuesta pronta, eficaz y respetuosa a quienes sufren este tipo de violencia.<\/p>\n\n\n\n<p>Como parte de los resolutivos del punto de acuerdo impulsado por la diputada Beatriz Manrique Guevara, tambi\u00e9n se exhorta a la Secretar\u00eda de las Mujeres para que, en coordinaci\u00f3n con la Fiscal\u00eda General del Estado y los 217 Sistemas Municipales DIF, realice capacitaciones en las dependencias estatales y municipales.<\/p>\n\n\n\n<p>As\u00ed como campa\u00f1as informativas dirigidas a la sociedad en materia de derechos humanos, perspectiva de g\u00e9nero, prevenci\u00f3n de la violencia y presentaci\u00f3n de denuncias ante la comisi\u00f3n de delitos, en especial la violencia familiar, para fortalecer la procuraci\u00f3n de justicia y la defensa de los derechos de ni\u00f1as, ni\u00f1os, adolescentes y mujeres en el entorno familiar.<\/p>\n\n\n\n<p>Por otra parte, se aprob\u00f3 el punto de acuerdo presentado por el legislador Jos\u00e9 Luis Figueroa Cort\u00e9s, por el que se exhorta al Instituto Especializado de la Defensor\u00eda P\u00fablica del Estado para que, en el \u00e1mbito de sus atribuciones y con base en los principios de igualdad, no discriminaci\u00f3n, debida diligencia y perspectiva de g\u00e9nero, otorgue asistencia jur\u00eddica integral, oportuna y eficaz a las mujeres privadas de su libertad en los Centros de Reinserci\u00f3n Social, a fin de garantizar su derecho humano de acceso a la justicia.<\/p>\n\n\n\n<p>De igual forma, las y los diputados integrantes de la Comisi\u00f3n avalaron el punto de acuerdo impulsado por la legisladora Guadalupe Yamak Taja, para exhortar a la Fiscal\u00eda General del Estado a que implemente una campa\u00f1a de difusi\u00f3n, con el fin de informar que la denuncia por desaparici\u00f3n de personas puede presentarse de manera inmediata y debe ser recibida sin demora alguna por el Ministerio P\u00fablico.<\/p>\n\n\n\n<p>Esto, para garantizar el acceso oportuno a la justicia y coadyuvar a la b\u00fasqueda inmediata y sin dilaci\u00f3n, as\u00ed como para dar a conocer los procedimientos para presentaci\u00f3n de quejas o denuncias en caso de que se niegue la recepci\u00f3n de una denuncia por desaparici\u00f3n o se obstaculice su presentaci\u00f3n.<\/p>\n\n\n\n<p>Durante la discusi\u00f3n de los tres puntos de acuerdo, la diputada Norma Estela Pimentel M\u00e9ndez resalt\u00f3 la importancia de dar seguimiento a los exhortos enviados a las diferentes instituciones, as\u00ed como a actuar con perspectiva de g\u00e9nero y de derechos humanos.<\/p>\n\n\n\n<p>Por su parte, el diputado \u00d3scar Mauricio C\u00e9spedes Peregrina agradeci\u00f3 a sus compa\u00f1eras y compa\u00f1eros por su compromiso para aprobar los tres puntos de acuerdo, que abonar\u00e1n a que la impartici\u00f3n de justicia sea pronta y expedita.<\/p>\n\n\n\n<p>A la sesi\u00f3n de la Comisi\u00f3n acudieron las diputadas Norma Estela Pimentel M\u00e9ndez y Susana del Carmen Riestra Pi\u00f1a, as\u00ed como los diputados \u00d3scar Mauricio C\u00e9spedes Peregrina y Jos\u00e9 Miguel Trujillo de Ita.<\/p>\n","protected":false},"excerpt":{"rendered":"<p>En sesi\u00f3n de la Comisi\u00f3n de Procuraci\u00f3n y Administraci\u00f3n de Justicia del Congreso, las y los diputados aprobaron un punto de acuerdo por el que se exhorta a la Fiscal\u00eda General del Estado de Puebla para que, en el \u00e1mbito de su competencia, refuerce la atenci\u00f3n, investigaci\u00f3n y sanci\u00f3n de los delitos de violencia familiar. [&hellip;]<\/p>\n","protected":false},"author":4,"featured_media":67707,"comment_status":"open","ping_status":"open","sticky":false,"template":"","format":"standard","meta":{"om_disable_all_campaigns":false,"_monsterinsights_skip_tracking":false,"_monsterinsights_sitenote_active":false,"_monsterinsights_sitenote_note":"","_monsterinsights_sitenote_category":0,"footnotes":""},"categories":[175],"tags":[227,223],"class_list":["post-67706","post","type-post","status-publish","format-standard","has-post-thumbnail","hentry","category-local","tag-congreso","tag-puebla"],"amp_enabled":true,"_links":{"self":[{"href":"https:\/\/lahora.mx\/index.php\/wp-json\/wp\/v2\/posts\/67706","targetHints":{"allow":["GET"]}}],"collection":[{"href":"https:\/\/lahora.mx\/index.php\/wp-json\/wp\/v2\/posts"}],"about":[{"href":"https:\/\/lahora.mx\/index.php\/wp-json\/wp\/v2\/types\/post"}],"author":[{"embeddable":true,"href":"https:\/\/lahora.mx\/index.php\/wp-json\/wp\/v2\/users\/4"}],"replies":[{"embeddable":true,"href":"https:\/\/lahora.mx\/index.php\/wp-json\/wp\/v2\/comments?post=67706"}],"version-history":[{"count":1,"href":"https:\/\/lahora.mx\/index.php\/wp-json\/wp\/v2\/posts\/67706\/revisions"}],"predecessor-version":[{"id":67708,"href":"https:\/\/lahora.mx\/index.php\/wp-json\/wp\/v2\/posts\/67706\/revisions\/67708"}],"wp:featuredmedia":[{"embeddable":true,"href":"https:\/\/lahora.mx\/index.php\/wp-json\/wp\/v2\/media\/67707"}],"wp:attachment":[{"href":"https:\/\/lahora.mx\/index.php\/wp-json\/wp\/v2\/media?parent=67706"}],"wp:term":[{"taxonomy":"category","embeddable":true,"href":"https:\/\/lahora.mx\/index.php\/wp-json\/wp\/v2\/categories?post=67706"},{"taxonomy":"post_tag","embeddable":true,"href":"https:\/\/lahora.mx\/index.php\/wp-json\/wp\/v2\/tags?post=67706"}],"curies":[{"name":"wp","href":"https:\/\/api.w.org\/{rel}","templated":true}]}}