{"id":67670,"date":"2025-09-02T16:32:41","date_gmt":"2025-09-02T16:32:41","guid":{"rendered":"https:\/\/lahora.mx\/?p=67670"},"modified":"2025-09-02T16:32:42","modified_gmt":"2025-09-02T16:32:42","slug":"nuevo-poder-judicial-sera-mucho-mejor-que-el-anterior-sheinbaum","status":"publish","type":"post","link":"https:\/\/lahora.mx\/index.php\/2025\/09\/02\/nuevo-poder-judicial-sera-mucho-mejor-que-el-anterior-sheinbaum\/","title":{"rendered":"Nuevo Poder Judicial ser\u00e1 mucho mejor que el anterior: Sheinbaum"},"content":{"rendered":"\n<p>En el marco de su conferencia ma\u00f1anera, la presidenta de M\u00e9xico, Claudia Sheinbaum Pardo, se refiri\u00f3 a la toma de protesta de la nueva Suprema Corte de Justicia de la Naci\u00f3n (SCJN), la cual dijo ser\u00e1 mucho mejor que la anterior.<br>En este contexto, la mandataria se\u00f1al\u00f3 que M\u00e9xico vive una transformaci\u00f3n sin precedentes con la llegada de nuevos jueces, magistrados y ministros al Poder Judicial, los cuales fueron elegidos por el pueblo.<\/p>\n\n\n\n<p>Va a ser mucho mejor este Poder Judicial que el anterior, por el solo hecho de que son elegidos por el pueblo\u201d, se\u00f1al\u00f3.<\/p>\n\n\n\n<p>De acuerdo con la jefa de Estado, el objetivo es claro para la nueva Corte, pues todos tendr\u00e1n que responder a la gente y no a un inter\u00e9s en particular, a un privilegio y lo m\u00e1s importante que no se corrompan.<br>La mandataria se\u00f1al\u00f3 que M\u00e9xico vive una transformaci\u00f3n sin precedentes. Foto: Cuartoscuro<\/p>\n\n\n\n<p>\u00bfCu\u00e1l es el reto de la nueva Corte?<br>La titular del Ejecutivo, desde Palacio Nacional reconoci\u00f3 que los nuevos jueces y ministros tienen por delante un reto clave, el cual es demostrar con hechos que existe verdadera impartici\u00f3n de justicia en el pa\u00eds.<\/p>\n\n\n\n<p>Es un cambio de era en el Poder Judicial, es una transformaci\u00f3n muy profunda. Adem\u00e1s, tienen un reto: que es en efecto demostrar que hay impartici\u00f3n de justicia en M\u00e9xico, y creo que lo van a cumplir\u201d, expuso.<\/p>\n\n\n\n<p>\u00bfQui\u00e9nes son los integrantes de la nueva Corte?<br>Cabe recordar que el fin de semana, los nueve nuevos ministros de la Suprema Corte de Justicia de la Naci\u00f3n y 881 personas juzgadoras elegidas el pasado 1 de junio rindieron protesta en el Senado de la Rep\u00fablica.<\/p>\n\n\n\n<p>La presidenta entrante del Senado, Laura Itzel Castillo, tom\u00f3 protesta a Lenia Batres, Yasm\u00edn Esquivel, Loretta Ortiz, Mar\u00eda Estela R\u00edos y Sara Irene Herrer\u00edas, as\u00ed como a Hugo Aguilar, Giovanni Figueroa, Irving Espinosa y Arist\u00eddes Guerrero, quienes recibieron sus constancias oficiales.<\/p>\n\n\n\n<p>Con este acto, se abri\u00f3 formalmente un ciclo hist\u00f3rico en la organizaci\u00f3n del Poder Judicial de la Federaci\u00f3n (PJF), que ahora arranca bajo un modelo de legitimidad ciudadana.<\/p>\n","protected":false},"excerpt":{"rendered":"<p>En el marco de su conferencia ma\u00f1anera, la presidenta de M\u00e9xico, Claudia Sheinbaum Pardo, se refiri\u00f3 a la toma de protesta de la nueva Suprema Corte de Justicia de la Naci\u00f3n (SCJN), la cual dijo ser\u00e1 mucho mejor que la anterior.En este contexto, la mandataria se\u00f1al\u00f3 que M\u00e9xico vive una transformaci\u00f3n sin precedentes con la [&hellip;]<\/p>\n","protected":false},"author":4,"featured_media":67671,"comment_status":"open","ping_status":"open","sticky":false,"template":"","format":"standard","meta":{"om_disable_all_campaigns":false,"_monsterinsights_skip_tracking":false,"_monsterinsights_sitenote_active":false,"_monsterinsights_sitenote_note":"","_monsterinsights_sitenote_category":0,"footnotes":""},"categories":[176],"tags":[],"class_list":["post-67670","post","type-post","status-publish","format-standard","has-post-thumbnail","hentry","category-nacional"],"amp_enabled":true,"_links":{"self":[{"href":"https:\/\/lahora.mx\/index.php\/wp-json\/wp\/v2\/posts\/67670","targetHints":{"allow":["GET"]}}],"collection":[{"href":"https:\/\/lahora.mx\/index.php\/wp-json\/wp\/v2\/posts"}],"about":[{"href":"https:\/\/lahora.mx\/index.php\/wp-json\/wp\/v2\/types\/post"}],"author":[{"embeddable":true,"href":"https:\/\/lahora.mx\/index.php\/wp-json\/wp\/v2\/users\/4"}],"replies":[{"embeddable":true,"href":"https:\/\/lahora.mx\/index.php\/wp-json\/wp\/v2\/comments?post=67670"}],"version-history":[{"count":1,"href":"https:\/\/lahora.mx\/index.php\/wp-json\/wp\/v2\/posts\/67670\/revisions"}],"predecessor-version":[{"id":67672,"href":"https:\/\/lahora.mx\/index.php\/wp-json\/wp\/v2\/posts\/67670\/revisions\/67672"}],"wp:featuredmedia":[{"embeddable":true,"href":"https:\/\/lahora.mx\/index.php\/wp-json\/wp\/v2\/media\/67671"}],"wp:attachment":[{"href":"https:\/\/lahora.mx\/index.php\/wp-json\/wp\/v2\/media?parent=67670"}],"wp:term":[{"taxonomy":"category","embeddable":true,"href":"https:\/\/lahora.mx\/index.php\/wp-json\/wp\/v2\/categories?post=67670"},{"taxonomy":"post_tag","embeddable":true,"href":"https:\/\/lahora.mx\/index.php\/wp-json\/wp\/v2\/tags?post=67670"}],"curies":[{"name":"wp","href":"https:\/\/api.w.org\/{rel}","templated":true}]}}