{"id":67667,"date":"2025-09-02T16:30:50","date_gmt":"2025-09-02T16:30:50","guid":{"rendered":"https:\/\/lahora.mx\/?p=67667"},"modified":"2025-09-02T16:30:51","modified_gmt":"2025-09-02T16:30:51","slug":"preparan-segundo-simulacro-nacional-para-el-19-de-septiembre-en-tehuacan","status":"publish","type":"post","link":"https:\/\/lahora.mx\/index.php\/2025\/09\/02\/preparan-segundo-simulacro-nacional-para-el-19-de-septiembre-en-tehuacan\/","title":{"rendered":"Preparan segundo simulacro nacional para el 19 de septiembre en Tehuac\u00e1n"},"content":{"rendered":"\n<p>Para fomentar la cultura de la prevenci\u00f3n en la poblaci\u00f3n ante fen\u00f3menos naturales, debido a que el municipio de Tehuac\u00e1n se encuentra en una zona medianamente s\u00edsmica, al colindar con tres placas tect\u00f3nicas que pueden provocar movimientos tel\u00faricos de consideraci\u00f3n, la direcci\u00f3n de Protecci\u00f3n Civil y Bomberos en coordinaci\u00f3n con otras corporaciones de emergencia de la ciudad, se sumar\u00e1n al segundo simulacro nacional de este 19 de septiembre, en donde se busca fortalecer la cultura de la prevenci\u00f3n ante fen\u00f3menos naturales.<\/p>\n\n\n\n<p>El titular de Protecci\u00f3n Civil y Bomberos local, Ram\u00f3n Gabriel Garc\u00eda Mart\u00ednez indic\u00f3 que el macro simulacro se estar\u00e1 realizando en el palacio municipal, as\u00ed como en el edificio municipal Jos\u00e9 Mar\u00eda Morelos, adem\u00e1s de que se espera que se sumen empresas e instituciones educativas, pero el llamado que se esta realizando es que toda la sociedad participa y que tomen este ejercicio con seriedad.<\/p>\n\n\n\n<p>Adelant\u00f3 que por lo menos se espera que en esta actividad preventiva participen 15 escuelas de Tehuac\u00e1n para fomentar la cultura de la prevenci\u00f3n y que tambi\u00e9n se cuenten con sus brigadas, adem\u00e1s de que se est\u00e1 haciendo la invitaci\u00f3n para que empresas, comercios y hogares tambi\u00e9n se sumen para que sepan c\u00f3mo actuar ante un movimiento s\u00edsmico.<\/p>\n\n\n\n<p>Reconoci\u00f3 que la principal problem\u00e1tica que se registra es que durante estos ejercicios se ha visto, es que la evacuaci\u00f3n de los inmuebles no se hace r\u00e1pidamente, adem\u00e1s de que se desconoce las zonas en donde pueden entrar en caso de una eventualidad, es por eso la importancia de estar capacitados para evitar que se registren afectaciones como los sismos ocurridos el 19 de septiembre, pero de 1985, 2017 y 2022.<\/p>\n\n\n\n<p>Agreg\u00f3 que el simulacro nacional se realizar\u00e1 a las 12:00 horas del 19 de septiembre, por lo que espera que ante la alerta que se emite, pues no solo participan autoridades de los edificios oficiales, sino comercios e instituciones educativas.<\/p>\n\n\n\n<p>Finalmente dijo, que hasta el momento el \u00e1rea de Protecci\u00f3n Civil no ha detectado ning\u00fan inmueble que por su tiempo de construcci\u00f3n pueda representar un riesgo para la poblaci\u00f3n en caso de un movimiento tel\u00farico.<\/p>\n","protected":false},"excerpt":{"rendered":"<p>Para fomentar la cultura de la prevenci\u00f3n en la poblaci\u00f3n ante fen\u00f3menos naturales, debido a que el municipio de Tehuac\u00e1n se encuentra en una zona medianamente s\u00edsmica, al colindar con tres placas tect\u00f3nicas que pueden provocar movimientos tel\u00faricos de consideraci\u00f3n, la direcci\u00f3n de Protecci\u00f3n Civil y Bomberos en coordinaci\u00f3n con otras corporaciones de emergencia de [&hellip;]<\/p>\n","protected":false},"author":4,"featured_media":67668,"comment_status":"open","ping_status":"open","sticky":false,"template":"","format":"standard","meta":{"om_disable_all_campaigns":false,"_monsterinsights_skip_tracking":false,"_monsterinsights_sitenote_active":false,"_monsterinsights_sitenote_note":"","_monsterinsights_sitenote_category":0,"footnotes":""},"categories":[175],"tags":[223],"class_list":["post-67667","post","type-post","status-publish","format-standard","has-post-thumbnail","hentry","category-local","tag-puebla"],"amp_enabled":true,"_links":{"self":[{"href":"https:\/\/lahora.mx\/index.php\/wp-json\/wp\/v2\/posts\/67667","targetHints":{"allow":["GET"]}}],"collection":[{"href":"https:\/\/lahora.mx\/index.php\/wp-json\/wp\/v2\/posts"}],"about":[{"href":"https:\/\/lahora.mx\/index.php\/wp-json\/wp\/v2\/types\/post"}],"author":[{"embeddable":true,"href":"https:\/\/lahora.mx\/index.php\/wp-json\/wp\/v2\/users\/4"}],"replies":[{"embeddable":true,"href":"https:\/\/lahora.mx\/index.php\/wp-json\/wp\/v2\/comments?post=67667"}],"version-history":[{"count":1,"href":"https:\/\/lahora.mx\/index.php\/wp-json\/wp\/v2\/posts\/67667\/revisions"}],"predecessor-version":[{"id":67669,"href":"https:\/\/lahora.mx\/index.php\/wp-json\/wp\/v2\/posts\/67667\/revisions\/67669"}],"wp:featuredmedia":[{"embeddable":true,"href":"https:\/\/lahora.mx\/index.php\/wp-json\/wp\/v2\/media\/67668"}],"wp:attachment":[{"href":"https:\/\/lahora.mx\/index.php\/wp-json\/wp\/v2\/media?parent=67667"}],"wp:term":[{"taxonomy":"category","embeddable":true,"href":"https:\/\/lahora.mx\/index.php\/wp-json\/wp\/v2\/categories?post=67667"},{"taxonomy":"post_tag","embeddable":true,"href":"https:\/\/lahora.mx\/index.php\/wp-json\/wp\/v2\/tags?post=67667"}],"curies":[{"name":"wp","href":"https:\/\/api.w.org\/{rel}","templated":true}]}}