{"id":67645,"date":"2025-09-02T01:08:10","date_gmt":"2025-09-02T01:08:10","guid":{"rendered":"https:\/\/lahora.mx\/?p=67645"},"modified":"2025-09-02T01:08:10","modified_gmt":"2025-09-02T01:08:10","slug":"sismo-de-4-3-sacude-san-jose-del-cabo-reportan-afectaciones-en-el-aeropuerto","status":"publish","type":"post","link":"https:\/\/lahora.mx\/index.php\/2025\/09\/02\/sismo-de-4-3-sacude-san-jose-del-cabo-reportan-afectaciones-en-el-aeropuerto\/","title":{"rendered":"Sismo de 4.3 sacude San Jos\u00e9 del Cabo; reportan afectaciones en el aeropuerto"},"content":{"rendered":"\n<p>La tarde de este lunes 1 de septiembre de 2025 se registr\u00f3 un sismo de magnitud 4.3 con epicentro a 10 kil\u00f3metros al sureste de San Jos\u00e9 del Cabo. El movimiento tel\u00farico ocurri\u00f3 a las 15:38 horas y tuvo una profundidad de 10 kil\u00f3metros, de acuerdo con el Servicio Sismol\u00f3gico Nacional.<br><br>Tras el temblor, autoridades locales confirmaron afectaciones en el aeropuerto de la zona, lo que gener\u00f3 retrasos en operaciones y la activaci\u00f3n de protocolos de seguridad. Hasta el momento no se reportan personas lesionadas, aunque se mantienen revisiones en instalaciones estrat\u00e9gicas para descartar da\u00f1os mayores.<\/p>\n\n\n\n<p>El fen\u00f3meno caus\u00f3 alarma entre habitantes y turistas en la zona hotelera de Los Cabos, donde algunos edificios fueron evacuados de manera preventiva. Protecci\u00f3n Civil estatal recomend\u00f3 a la poblaci\u00f3n mantenerse atenta a la informaci\u00f3n oficial y seguir las indicaciones de seguridad.<\/p>\n","protected":false},"excerpt":{"rendered":"<p>La tarde de este lunes 1 de septiembre de 2025 se registr\u00f3 un sismo de magnitud 4.3 con epicentro a 10 kil\u00f3metros al sureste de San Jos\u00e9 del Cabo. El movimiento tel\u00farico ocurri\u00f3 a las 15:38 horas y tuvo una profundidad de 10 kil\u00f3metros, de acuerdo con el Servicio Sismol\u00f3gico Nacional. Tras el temblor, autoridades [&hellip;]<\/p>\n","protected":false},"author":4,"featured_media":67646,"comment_status":"open","ping_status":"open","sticky":false,"template":"","format":"standard","meta":{"om_disable_all_campaigns":false,"_monsterinsights_skip_tracking":false,"_monsterinsights_sitenote_active":false,"_monsterinsights_sitenote_note":"","_monsterinsights_sitenote_category":0,"footnotes":""},"categories":[176],"tags":[],"class_list":["post-67645","post","type-post","status-publish","format-standard","has-post-thumbnail","hentry","category-nacional"],"amp_enabled":true,"_links":{"self":[{"href":"https:\/\/lahora.mx\/index.php\/wp-json\/wp\/v2\/posts\/67645","targetHints":{"allow":["GET"]}}],"collection":[{"href":"https:\/\/lahora.mx\/index.php\/wp-json\/wp\/v2\/posts"}],"about":[{"href":"https:\/\/lahora.mx\/index.php\/wp-json\/wp\/v2\/types\/post"}],"author":[{"embeddable":true,"href":"https:\/\/lahora.mx\/index.php\/wp-json\/wp\/v2\/users\/4"}],"replies":[{"embeddable":true,"href":"https:\/\/lahora.mx\/index.php\/wp-json\/wp\/v2\/comments?post=67645"}],"version-history":[{"count":1,"href":"https:\/\/lahora.mx\/index.php\/wp-json\/wp\/v2\/posts\/67645\/revisions"}],"predecessor-version":[{"id":67647,"href":"https:\/\/lahora.mx\/index.php\/wp-json\/wp\/v2\/posts\/67645\/revisions\/67647"}],"wp:featuredmedia":[{"embeddable":true,"href":"https:\/\/lahora.mx\/index.php\/wp-json\/wp\/v2\/media\/67646"}],"wp:attachment":[{"href":"https:\/\/lahora.mx\/index.php\/wp-json\/wp\/v2\/media?parent=67645"}],"wp:term":[{"taxonomy":"category","embeddable":true,"href":"https:\/\/lahora.mx\/index.php\/wp-json\/wp\/v2\/categories?post=67645"},{"taxonomy":"post_tag","embeddable":true,"href":"https:\/\/lahora.mx\/index.php\/wp-json\/wp\/v2\/tags?post=67645"}],"curies":[{"name":"wp","href":"https:\/\/api.w.org\/{rel}","templated":true}]}}