{"id":67633,"date":"2025-09-01T16:42:13","date_gmt":"2025-09-01T16:42:13","guid":{"rendered":"https:\/\/lahora.mx\/?p=67633"},"modified":"2025-09-01T16:42:14","modified_gmt":"2025-09-01T16:42:14","slug":"ademas-del-beneficio-educativo-que-otros-tendran-los-estudiantes-en-el-regreso-a-clases","status":"publish","type":"post","link":"https:\/\/lahora.mx\/index.php\/2025\/09\/01\/ademas-del-beneficio-educativo-que-otros-tendran-los-estudiantes-en-el-regreso-a-clases\/","title":{"rendered":"Adem\u00e1s del beneficio educativo, \u00bfqu\u00e9 otros tendr\u00e1n los estudiantes en el regreso a clases?"},"content":{"rendered":"\n<p>El regreso a clases de este 1 de septiembre, marca el nuevo ciclo escolar 2025-2026 para 23.4 millones de estudiantes y m\u00e1s de 1.2 millones de docentes en todo el pa\u00eds, pero tambi\u00e9n representa la puesta en marcha de la segunda fase de la estrategia nacional Vive saludable, vive feliz.<\/p>\n\n\n\n<p>De acuerdo al secretario de Educaci\u00f3n P\u00fablica (SEP), Mario Delgado Carrillo, el programa abarcar\u00e1 desde el mes de septiembre a diciembre de este a\u00f1o, donde se valorar\u00e1 la salud de 5 millones m\u00e1s de alumnas y alumnos. Esta acci\u00f3n, inform\u00f3, forma parte de la Nueva Escuela Mexicana (NEM), la cual busca hacer de las escuelas espacios saludables y libres de adicciones.<\/p>\n\n\n\n<p>Al encabezar la Primera Reuni\u00f3n Interinstitucional para el arranque de esta segunda fase y con la presencia del director general del Instituto Mexicano del Seguro Social (IMSS), Zo\u00e9 Robledo, Delgado Carrillo record\u00f3 que, durante la primera etapa de la estrategia nacional impulsada por la presidenta de M\u00e9xico, Claudia Sheinbaum Pardo, 738 brigadas de salud, integradas por 7 mil 700 especialistas, valoraron a m\u00e1s de 4 millones de estudiantes de m\u00e1s de 27 mil escuelas.<\/p>\n\n\n\n<p>\u00bfQu\u00e9 beneficios brinda la iniciativa?<br>Expuso que, durante esta segunda fase, se visitar\u00e1n escuelas alejadas de las zonas urbanas en los estados del pa\u00eds, as\u00ed como planteles ind\u00edgenas y comunitarios, por lo que es importante asegurar que las mam\u00e1s y pap\u00e1s firmen su consentimiento, lo entreguen a las maestras y maestros, a fin de que sus hijas e hijos asistan el d\u00eda que la brigada de salud visite sus escuelas.<\/p>\n\n\n\n<p>Delgado Carrillo solicit\u00f3 a los Enlaces Estatales de la SEP, del Consejo Nacional de Fomento Educativo (Conafe), de Becas para el Bienestar, del Instituto Mexicano del Seguro Social (IMSS), de la Secretar\u00eda de Salud y del Sistema Nacional para el Desarrollo Integral de la Familia (DIF), quienes estuvieron en la reuni\u00f3n, sensibilizar a las madres, padres y familias sobre el proceso de consulta y descarga del Informe de Resultados de la valoraci\u00f3n de sus hijas e hijos, as\u00ed como atender las sugerencias de los especialistas y acudir a las cl\u00ednicas en caso de ser necesario.<\/p>\n\n\n\n<p>Explic\u00f3 que los informes de las y los ni\u00f1os ya valorados se entregar\u00e1n f\u00edsicamente a las madres y padres de familia junto con el paquete de Libros de Texto Gratuitos (LTG), para asegurar que los lleven a las cl\u00ednicas y reciban la atenci\u00f3n m\u00e9dica correspondiente.<\/p>\n\n\n\n<p>Adicionalmente, durante las asambleas que realicen en las escuelas los Enlaces de Becas para el Bienestar, se sensibilizar\u00e1 a las madres y padres de familia para que lleven a sus hijas e hijos a las cl\u00ednicas. Por otro lado, el titular de la SEP los invit\u00f3 a seguir promoviendo una alimentaci\u00f3n sana y estilos de vida saludables, con el prop\u00f3sito de que la comida chatarra sea eliminada por completo de las escuelas.<\/p>\n\n\n\n<p>Revel\u00f3 que, como parte de las tem\u00e1ticas que se abordaron en el Consejo T\u00e9cnico Escolar (CTE), en su Fase Intensiva, previo al inicio del a\u00f1o lectivo, se encuentran las relacionadas con la estrategia, como la invitaci\u00f3n a consultar el Proyecto Comunitario Estrategia Nacional Vive Saludable, gu\u00eda para el personal directivo y docente.<\/p>\n\n\n\n<p>Finalmente, Delgado Carrillo afirm\u00f3 que estos espacios de di\u00e1logo \u201cson fundamentales para construir acuerdos y hacer suya la estrategia, para que juntas y juntos construyamos una vida saludable\u201d.<\/p>\n","protected":false},"excerpt":{"rendered":"<p>El regreso a clases de este 1 de septiembre, marca el nuevo ciclo escolar 2025-2026 para 23.4 millones de estudiantes y m\u00e1s de 1.2 millones de docentes en todo el pa\u00eds, pero tambi\u00e9n representa la puesta en marcha de la segunda fase de la estrategia nacional Vive saludable, vive feliz. De acuerdo al secretario de [&hellip;]<\/p>\n","protected":false},"author":4,"featured_media":67634,"comment_status":"open","ping_status":"open","sticky":false,"template":"","format":"standard","meta":{"om_disable_all_campaigns":false,"_monsterinsights_skip_tracking":false,"_monsterinsights_sitenote_active":false,"_monsterinsights_sitenote_note":"","_monsterinsights_sitenote_category":0,"footnotes":""},"categories":[5],"tags":[],"class_list":["post-67633","post","type-post","status-publish","format-standard","has-post-thumbnail","hentry","category-politica"],"amp_enabled":true,"_links":{"self":[{"href":"https:\/\/lahora.mx\/index.php\/wp-json\/wp\/v2\/posts\/67633","targetHints":{"allow":["GET"]}}],"collection":[{"href":"https:\/\/lahora.mx\/index.php\/wp-json\/wp\/v2\/posts"}],"about":[{"href":"https:\/\/lahora.mx\/index.php\/wp-json\/wp\/v2\/types\/post"}],"author":[{"embeddable":true,"href":"https:\/\/lahora.mx\/index.php\/wp-json\/wp\/v2\/users\/4"}],"replies":[{"embeddable":true,"href":"https:\/\/lahora.mx\/index.php\/wp-json\/wp\/v2\/comments?post=67633"}],"version-history":[{"count":1,"href":"https:\/\/lahora.mx\/index.php\/wp-json\/wp\/v2\/posts\/67633\/revisions"}],"predecessor-version":[{"id":67635,"href":"https:\/\/lahora.mx\/index.php\/wp-json\/wp\/v2\/posts\/67633\/revisions\/67635"}],"wp:featuredmedia":[{"embeddable":true,"href":"https:\/\/lahora.mx\/index.php\/wp-json\/wp\/v2\/media\/67634"}],"wp:attachment":[{"href":"https:\/\/lahora.mx\/index.php\/wp-json\/wp\/v2\/media?parent=67633"}],"wp:term":[{"taxonomy":"category","embeddable":true,"href":"https:\/\/lahora.mx\/index.php\/wp-json\/wp\/v2\/categories?post=67633"},{"taxonomy":"post_tag","embeddable":true,"href":"https:\/\/lahora.mx\/index.php\/wp-json\/wp\/v2\/tags?post=67633"}],"curies":[{"name":"wp","href":"https:\/\/api.w.org\/{rel}","templated":true}]}}