{"id":67612,"date":"2025-09-01T15:11:14","date_gmt":"2025-09-01T15:11:14","guid":{"rendered":"https:\/\/lahora.mx\/?p=67612"},"modified":"2025-09-01T15:11:15","modified_gmt":"2025-09-01T15:11:15","slug":"campana-capitalina-bacheando-puebla-atiende-unidades-habitacionales","status":"publish","type":"post","link":"https:\/\/lahora.mx\/index.php\/2025\/09\/01\/campana-capitalina-bacheando-puebla-atiende-unidades-habitacionales\/","title":{"rendered":"Campa\u00f1a capitalina Bacheando Puebla atiende unidades habitacionales"},"content":{"rendered":"\n<p>En el marco de las acciones permanentes para el fortalecimiento de la infraestructura vial, el Gobierno de la Ciudad que encabeza el presidente municipal, Pepe Chedraui Budib, a trav\u00e9s de la Campa\u00f1a Capitalina Bacheando Puebla, contin\u00faa con los trabajos de intervenci\u00f3n en unidades habitacionales de la ciudad.<br><br>En esta etapa, la autoridad municipal ha atendido unidades como: La Margarita, San Bartolo, Bosques de San Sebasti\u00e1n, San Pedro, San Aparicio, Loma Bella, entre otras.<\/p>\n\n\n\n<p>Los trabajos de mantenimiento vial incluyen aplicaci\u00f3n de mezcla asf\u00e1ltica en caliente y fr\u00edo, lo que garantiza una mayor durabilidad.<\/p>\n\n\n\n<p>Este lunes las cuadrillas de bacheo estar\u00e1n trabajando en las siguientes vialidades:<\/p>\n\n\n\n<p>Puente Miguel Hidalgo.<\/p>\n\n\n\n<p>Calle 25 Sur.<\/p>\n\n\n\n<p>Avenida San Alfonso.<\/p>\n\n\n\n<p>Calle 40 Sur.<\/p>\n\n\n\n<p>Calle 33 Sur.<\/p>\n\n\n\n<p>Bulevar Oaxaca.<\/p>\n\n\n\n<p>Calle 16 Sur.<\/p>\n\n\n\n<p>Diagonal Defensores de la Rep\u00fablica.<\/p>\n\n\n\n<p>Bulevar San Aparicio Sur.<\/p>\n\n\n\n<p>Avenida 3 Sur.<\/p>\n\n\n\n<p>Calle Adolfo L\u00f3pez Mateos.<\/p>\n\n\n\n<p>San Bartolo Poniente B.<\/p>\n\n\n\n<p>Calle 13 Oriente.<\/p>\n\n\n\n<p>Calle 19 Norte.<\/p>\n\n\n\n<p>Calle Benito Ju\u00e1rez.<\/p>\n\n\n\n<p>Bulevar Atempan.<\/p>\n\n\n\n<p>Avenida Xilotzingo.<\/p>\n\n\n\n<p>Calle Emiliano Zapata.<\/p>\n\n\n\n<p>Calle 32 Norte BIS.<\/p>\n\n\n\n<p>Privada 15 A Sur.<\/p>\n\n\n\n<p>Bulevar San Felipe.<\/p>\n\n\n\n<p>Circuito Juan Pablo II.<\/p>\n\n\n\n<p>Calle San Vicente.<\/p>\n\n\n\n<p>Avenida Granada.<\/p>\n\n\n\n<p>Calle 18 Sur.<\/p>\n","protected":false},"excerpt":{"rendered":"<p>En el marco de las acciones permanentes para el fortalecimiento de la infraestructura vial, el Gobierno de la Ciudad que encabeza el presidente municipal, Pepe Chedraui Budib, a trav\u00e9s de la Campa\u00f1a Capitalina Bacheando Puebla, contin\u00faa con los trabajos de intervenci\u00f3n en unidades habitacionales de la ciudad. En esta etapa, la autoridad municipal ha atendido [&hellip;]<\/p>\n","protected":false},"author":4,"featured_media":67613,"comment_status":"open","ping_status":"open","sticky":false,"template":"","format":"standard","meta":{"om_disable_all_campaigns":false,"_monsterinsights_skip_tracking":false,"_monsterinsights_sitenote_active":false,"_monsterinsights_sitenote_note":"","_monsterinsights_sitenote_category":0,"footnotes":""},"categories":[175],"tags":[223],"class_list":["post-67612","post","type-post","status-publish","format-standard","has-post-thumbnail","hentry","category-local","tag-puebla"],"amp_enabled":true,"_links":{"self":[{"href":"https:\/\/lahora.mx\/index.php\/wp-json\/wp\/v2\/posts\/67612","targetHints":{"allow":["GET"]}}],"collection":[{"href":"https:\/\/lahora.mx\/index.php\/wp-json\/wp\/v2\/posts"}],"about":[{"href":"https:\/\/lahora.mx\/index.php\/wp-json\/wp\/v2\/types\/post"}],"author":[{"embeddable":true,"href":"https:\/\/lahora.mx\/index.php\/wp-json\/wp\/v2\/users\/4"}],"replies":[{"embeddable":true,"href":"https:\/\/lahora.mx\/index.php\/wp-json\/wp\/v2\/comments?post=67612"}],"version-history":[{"count":1,"href":"https:\/\/lahora.mx\/index.php\/wp-json\/wp\/v2\/posts\/67612\/revisions"}],"predecessor-version":[{"id":67614,"href":"https:\/\/lahora.mx\/index.php\/wp-json\/wp\/v2\/posts\/67612\/revisions\/67614"}],"wp:featuredmedia":[{"embeddable":true,"href":"https:\/\/lahora.mx\/index.php\/wp-json\/wp\/v2\/media\/67613"}],"wp:attachment":[{"href":"https:\/\/lahora.mx\/index.php\/wp-json\/wp\/v2\/media?parent=67612"}],"wp:term":[{"taxonomy":"category","embeddable":true,"href":"https:\/\/lahora.mx\/index.php\/wp-json\/wp\/v2\/categories?post=67612"},{"taxonomy":"post_tag","embeddable":true,"href":"https:\/\/lahora.mx\/index.php\/wp-json\/wp\/v2\/tags?post=67612"}],"curies":[{"name":"wp","href":"https:\/\/api.w.org\/{rel}","templated":true}]}}