{"id":6761,"date":"2022-05-11T13:59:34","date_gmt":"2022-05-11T13:59:34","guid":{"rendered":"http:\/\/lahora.mx\/?p=6761"},"modified":"2022-05-11T14:04:00","modified_gmt":"2022-05-11T14:04:00","slug":"pierden-presas-1-8-millones-de-m3-de-agua-en-una-semana-tras-la-ausencia-de-lluvia-aumentan-la-sequia-e-incendios","status":"publish","type":"post","link":"https:\/\/lahora.mx\/index.php\/2022\/05\/11\/pierden-presas-1-8-millones-de-m3-de-agua-en-una-semana-tras-la-ausencia-de-lluvia-aumentan-la-sequia-e-incendios\/","title":{"rendered":"Pierden presas 1.8 millones de m3 de agua en una semana tras la ausencia de lluvia Aumentan la sequ\u00eda e incendios"},"content":{"rendered":"\n<p>De acuerdo al Monitor de Sequ\u00eda, 77.72% del territorio nacional tiene alg\u00fan grado de afectaci\u00f3n por la falta de lluvias y escurrimientos, adem\u00e1s de que las zonas en sequ\u00eda severa, extrema y excepcional registraron incrementos.&nbsp;<\/p>\n\n\n\n<p>En un d\u00eda, los incendios forestales activos pasaron de 64 a 84 en 19 estados y han da\u00f1ado nueve mil 195 hect\u00e1reas de bosque en 17 \u00e1reas naturales protegidas.&nbsp;<\/p>\n\n\n\n<p>Ante la onda de calor, 12 estados han registrado temperaturas de entre 40 y 45 grados cent\u00edgrados, como Campeche, Guerrero, Jalisco, Michoac\u00e1n, Morelos y Sonora. La CDMX tuvo 31 grados por segundo d\u00eda consecutivo.&nbsp;<\/p>\n\n\n\n<p>Aunque en los \u00faltimos d\u00edas ha llovido en el pa\u00eds, el d\u00e9ficit de precipitaciones acumuladas, del 1 de enero al 8 de mayo, est\u00e1 22.9% debajo de la media hist\u00f3rica.&nbsp;<\/p>\n\n\n\n<p>Ante este panorama, el almacenamiento total de las 210 principales presas es de 62 mil 389.29 millones de metros c\u00fabicos de agua, un mill\u00f3n 835 mil metros c\u00fabicos menos respecto a la semana pasada.&nbsp;<\/p>\n\n\n\n<p>&nbsp;Del total de embalses, s\u00f3lo uno est\u00e1 al 100%; 41 tienen entre 75% y 100%, 68 entre 50 y 75% y 100 tienen menos de 50% de almacenamiento.&nbsp;<\/p>\n\n\n\n<p>En la \u00faltima semana, el Sistema Cutzamala, uno de los m\u00e1s importantes del pa\u00eds, perdi\u00f3 9.6 millones de metros c\u00fabicos de agua y est\u00e1 a 46.3% de su capacidad de almacenamiento, un d\u00e9ficit de 16.6% respecto a la media hist\u00f3rica.&nbsp;<\/p>\n\n\n\n<p><strong>ESTIAJE SEVERO&nbsp;<\/strong><\/p>\n\n\n\n<ul class=\"wp-block-list\"><li>La sequ\u00eda severa, extrema y excepcional se increment\u00f3 debido a lluvias por debajo del promedio.&nbsp;<\/li><li>Doce estados, entre ellos Sonora, Morelos y Guerrero, registraron hasta 45 grados de temperatura.&nbsp;<\/li><li>Entre lunes y martes, los incendios forestales activos en M\u00e9xico pasaron de 64 a 84 en 19 estados.&nbsp;<\/li><li>El Sistema Cutzamala est\u00e1 lleno al 46.3%, un d\u00e9ficit de 16.6% respecto a la media hist\u00f3rica.&nbsp;<br><\/li><\/ul>\n\n\n\n<p>Gracias a anomal\u00edas positivas de lluvias mayores a 40 mil\u00edmetros en el noreste, Pen\u00ednsula de Yucat\u00e1n y centro de la Rep\u00fablica Mexicana, en la \u00faltima quincena disminuy\u00f3 la superficie del pa\u00eds anormalmente seca y con sequ\u00eda moderada.&nbsp;<\/p>\n\n\n\n<p>&nbsp;En tanto, la sequ\u00eda severa, sequ\u00eda extrema y sequ\u00eda excepcional tuvo un ligero incremento, debido a precipitaciones por debajo del promedio en el noroeste, Pac\u00edfico norte, occidente y Pac\u00edfico sur.&nbsp;<\/p>\n\n\n\n<p>&nbsp;De acuerdo con el Monitor de Sequ\u00eda de M\u00e9xico, 22.53% del territorio nacional se encuentra anormalmente seco (D0); 25.73% con sequ\u00eda moderada (D1); 23.68% con sequ\u00eda severa (D2); 4.86% con sequ\u00eda extrema (D3) y 0.92% con sequ\u00eda excepcional (D4).<\/p>\n\n\n\n<p>&nbsp;De esta forma, el 77.72% del pa\u00eds se encuentra con afectaciones por la falta de lluvias y escurrimientos, en contraste con el 80.02% del 15 de abril.&nbsp;<\/p>\n\n\n\n<p>A pesar de ello, el \u00e1rea con sequ\u00eda de moderada a excepcional (D1 a D4) fue de 55.19% a nivel nacional, 1.94% mayor que lo cuantificado al pasado 15 de abril.&nbsp;<br><\/p>\n","protected":false},"excerpt":{"rendered":"<p>De acuerdo al Monitor de Sequ\u00eda, 77.72% del territorio nacional tiene alg\u00fan grado de afectaci\u00f3n por la falta de lluvias y escurrimientos, adem\u00e1s de que las zonas en sequ\u00eda severa, extrema y excepcional registraron incrementos.&nbsp; En un d\u00eda, los incendios forestales activos pasaron de 64 a 84 en 19 estados y han da\u00f1ado nueve mil [&hellip;]<\/p>\n","protected":false},"author":4,"featured_media":6764,"comment_status":"open","ping_status":"open","sticky":false,"template":"","format":"standard","meta":{"om_disable_all_campaigns":false,"_monsterinsights_skip_tracking":false,"_monsterinsights_sitenote_active":false,"_monsterinsights_sitenote_note":"","_monsterinsights_sitenote_category":0,"footnotes":""},"categories":[176],"tags":[195],"class_list":["post-6761","post","type-post","status-publish","format-standard","has-post-thumbnail","hentry","category-nacional","tag-principal"],"amp_enabled":true,"_links":{"self":[{"href":"https:\/\/lahora.mx\/index.php\/wp-json\/wp\/v2\/posts\/6761","targetHints":{"allow":["GET"]}}],"collection":[{"href":"https:\/\/lahora.mx\/index.php\/wp-json\/wp\/v2\/posts"}],"about":[{"href":"https:\/\/lahora.mx\/index.php\/wp-json\/wp\/v2\/types\/post"}],"author":[{"embeddable":true,"href":"https:\/\/lahora.mx\/index.php\/wp-json\/wp\/v2\/users\/4"}],"replies":[{"embeddable":true,"href":"https:\/\/lahora.mx\/index.php\/wp-json\/wp\/v2\/comments?post=6761"}],"version-history":[{"count":2,"href":"https:\/\/lahora.mx\/index.php\/wp-json\/wp\/v2\/posts\/6761\/revisions"}],"predecessor-version":[{"id":6767,"href":"https:\/\/lahora.mx\/index.php\/wp-json\/wp\/v2\/posts\/6761\/revisions\/6767"}],"wp:featuredmedia":[{"embeddable":true,"href":"https:\/\/lahora.mx\/index.php\/wp-json\/wp\/v2\/media\/6764"}],"wp:attachment":[{"href":"https:\/\/lahora.mx\/index.php\/wp-json\/wp\/v2\/media?parent=6761"}],"wp:term":[{"taxonomy":"category","embeddable":true,"href":"https:\/\/lahora.mx\/index.php\/wp-json\/wp\/v2\/categories?post=6761"},{"taxonomy":"post_tag","embeddable":true,"href":"https:\/\/lahora.mx\/index.php\/wp-json\/wp\/v2\/tags?post=6761"}],"curies":[{"name":"wp","href":"https:\/\/api.w.org\/{rel}","templated":true}]}}