{"id":67606,"date":"2025-09-01T15:07:56","date_gmt":"2025-09-01T15:07:56","guid":{"rendered":"https:\/\/lahora.mx\/?p=67606"},"modified":"2025-09-01T15:07:56","modified_gmt":"2025-09-01T15:07:56","slug":"poblanos-consolidan-wushu-y-luchas-asociadas-a-nivel-internacional","status":"publish","type":"post","link":"https:\/\/lahora.mx\/index.php\/2025\/09\/01\/poblanos-consolidan-wushu-y-luchas-asociadas-a-nivel-internacional\/","title":{"rendered":"Poblanos consolidan Wushu y Luchas Asociadas a nivel internacional"},"content":{"rendered":"\n<p>El talento deportivo poblano contin\u00faa m\u00e1s all\u00e1 de las fronteras y en esta ocasi\u00f3n, dos representantes del estado, Efra\u00edn Cruz y Luis Ortigoza, formar\u00e1n parte de eventos internacionales de prestigio en las disciplinas de Wushu y Luchas asociadas, respectivamente.<br><br>Del 1 al 8 de septiembre, Efra\u00edn Cruz competir\u00e1 en el Campeonato Mundial de Wushu, que se llevar\u00e1 a cabo en Brasilia, Brasil, el cual re\u00fane a exponentes de m\u00e1s de 80 pa\u00edses. Su participaci\u00f3n marcar\u00e1 un hecho hist\u00f3rico, al convertirse en el primer poblano en asistir a un Mundial de Wushu en la modalidad de combate.<\/p>\n\n\n\n<p>Por su parte, Luis Ortigoza representar\u00e1 a Puebla como parte del cuerpo t\u00e9cnico de la Selecci\u00f3n Mexicana de Luchas Asociadas, fungiendo como entrenador del estilo libre en la categor\u00eda Senior, dentro del Campeonato Mundial de la especialidad, a celebrarse en Zagreb, Croacia, del 13 al 21 de septiembre, aunque ser\u00e1 a partir del pr\u00f3ximo jueves cuando emprenda el viaje como parte final de la preparaci\u00f3n del equipo nacional rumbo a la competencia.<\/p>\n\n\n\n<p>Estas participaciones confirman el proceso de internacionalizaci\u00f3n del deporte poblano y demuestra que el esfuerzo, disciplina y compromiso tanto de atletas como entrenadores, permite colocar a la entidad en escenarios de talla mundial.<\/p>\n\n\n\n<p>El Gobierno del Estado de Puebla, encabezado por Alejandro Armenta, a trav\u00e9s de la Secretar\u00eda de Deporte y Juventud, dirigido por Gaby \u201cLa Bonita\u201d S\u00e1nchez, reconoce y respalda a los deportistas poblanos que llevan en alto el nombre de la entidad y del pa\u00eds, refrenda el compromiso de seguir el impulso al talento que se forma desde los municipios hasta las competencias internacionales.<\/p>\n","protected":false},"excerpt":{"rendered":"<p>El talento deportivo poblano contin\u00faa m\u00e1s all\u00e1 de las fronteras y en esta ocasi\u00f3n, dos representantes del estado, Efra\u00edn Cruz y Luis Ortigoza, formar\u00e1n parte de eventos internacionales de prestigio en las disciplinas de Wushu y Luchas asociadas, respectivamente. Del 1 al 8 de septiembre, Efra\u00edn Cruz competir\u00e1 en el Campeonato Mundial de Wushu, que [&hellip;]<\/p>\n","protected":false},"author":4,"featured_media":67607,"comment_status":"open","ping_status":"open","sticky":false,"template":"","format":"standard","meta":{"om_disable_all_campaigns":false,"_monsterinsights_skip_tracking":false,"_monsterinsights_sitenote_active":false,"_monsterinsights_sitenote_note":"","_monsterinsights_sitenote_category":0,"footnotes":""},"categories":[6],"tags":[],"class_list":["post-67606","post","type-post","status-publish","format-standard","has-post-thumbnail","hentry","category-sports"],"amp_enabled":true,"_links":{"self":[{"href":"https:\/\/lahora.mx\/index.php\/wp-json\/wp\/v2\/posts\/67606","targetHints":{"allow":["GET"]}}],"collection":[{"href":"https:\/\/lahora.mx\/index.php\/wp-json\/wp\/v2\/posts"}],"about":[{"href":"https:\/\/lahora.mx\/index.php\/wp-json\/wp\/v2\/types\/post"}],"author":[{"embeddable":true,"href":"https:\/\/lahora.mx\/index.php\/wp-json\/wp\/v2\/users\/4"}],"replies":[{"embeddable":true,"href":"https:\/\/lahora.mx\/index.php\/wp-json\/wp\/v2\/comments?post=67606"}],"version-history":[{"count":1,"href":"https:\/\/lahora.mx\/index.php\/wp-json\/wp\/v2\/posts\/67606\/revisions"}],"predecessor-version":[{"id":67608,"href":"https:\/\/lahora.mx\/index.php\/wp-json\/wp\/v2\/posts\/67606\/revisions\/67608"}],"wp:featuredmedia":[{"embeddable":true,"href":"https:\/\/lahora.mx\/index.php\/wp-json\/wp\/v2\/media\/67607"}],"wp:attachment":[{"href":"https:\/\/lahora.mx\/index.php\/wp-json\/wp\/v2\/media?parent=67606"}],"wp:term":[{"taxonomy":"category","embeddable":true,"href":"https:\/\/lahora.mx\/index.php\/wp-json\/wp\/v2\/categories?post=67606"},{"taxonomy":"post_tag","embeddable":true,"href":"https:\/\/lahora.mx\/index.php\/wp-json\/wp\/v2\/tags?post=67606"}],"curies":[{"name":"wp","href":"https:\/\/api.w.org\/{rel}","templated":true}]}}