{"id":6757,"date":"2022-05-11T13:45:31","date_gmt":"2022-05-11T13:45:31","guid":{"rendered":"http:\/\/lahora.mx\/?p=6757"},"modified":"2022-05-11T13:45:53","modified_gmt":"2022-05-11T13:45:53","slug":"tras-error-en-bbva-que-hago-si-mi-saldo-quedo-en-negativo-para-cerrar-la-quincena","status":"publish","type":"post","link":"https:\/\/lahora.mx\/index.php\/2022\/05\/11\/tras-error-en-bbva-que-hago-si-mi-saldo-quedo-en-negativo-para-cerrar-la-quincena\/","title":{"rendered":"Tras error en BBVA; \u00bfQu\u00e9 hago si mi saldo qued\u00f3 en negativo para cerrar la quincena?"},"content":{"rendered":"\n<p>El lunes pasado varios usuarios y cuentaabientes de BBVA reportaron movimientos en sus cuentas  ya que recibieron saldo a  favor, sin embargo el d\u00eda de ayer muchos quedaron con saldo negativo.<br>Luego de que\u00a0usuarios en\u00a0redes sociales aseguraron que\u00a0BBVA\u00a0les hab\u00eda depositado\u00a0dinero en sus cuentas\u00a0sin motivo aparente, el banco se disculp\u00f3 por la situaci\u00f3n y asegur\u00f3 que normalizar\u00eda la situaci\u00f3n en las siguientes horas.<br><\/p>\n\n\n\n<p>BBVA detall\u00f3 que el error de debi\u00f3 a que algunas operaciones de compra realizadas&nbsp;con tarjetas de d\u00e9bito no fueron cargadas a las respectivas cuentas, por lo que&nbsp;esos montos, \u00abpor un error humano\u00bb, fueron liberados y reflejados como saldo a favor en otras cuentas.&nbsp;<\/p>\n\n\n\n<h2 class=\"wp-block-heading\">\u00bfQu\u00e9 puedo hacer si mi saldo qued\u00f3 en negativo?<\/h2>\n\n\n\n<p>Tras el incidente, usuarios reportaron que sus cuentas quedaron con saldo negativo. Algunos incluso acusaron mediante redes sociales que no han podido realizar dep\u00f3sitos a sus tarjetas (en el caso de d\u00e9bito) debido a que en autom\u00e1tico el banco se cobra ese dinero.<br><\/p>\n\n\n\n<p>En otros casos, los usuarios reportaron que se les est\u00e1n realizando \u00abcobros dobles\u00bb en sus tarjetas de pagos que ya hab\u00edan realizado anteriormente.<\/p>\n\n\n\n<p>En respuesta, BBVA indic\u00f3 que cada tarjetahabiente debe comunicarse a la l\u00ednea del banco (al n\u00famero\u00a05552262663) debido a que cada caso es diferente y no existe una situaci\u00f3n universal. Otra opci\u00f3n es acudir directamente a una sucursal para realizar las aclaraciones.<\/p>\n\n\n\n<p>Aunque el banco llam\u00f3 a los usuarios a llamar la l\u00ednea BBVA para aclarar su situaci\u00f3n de saldos negativos o cobros dobles, los tarjetahabientes acusaron que la l\u00ednea se encuentra saturada.<\/p>\n\n\n\n<p>Largos tiempos de espera o incluso con un \u00abfuera de servicio\u00bb es con lo que se han encontrados los usuarios que tratan de comunicarse, sin embargo el banco llam\u00f3 a seguir insistiendo.<\/p>\n","protected":false},"excerpt":{"rendered":"<p>El lunes pasado varios usuarios y cuentaabientes de BBVA reportaron movimientos en sus cuentas ya que recibieron saldo a favor, sin embargo el d\u00eda de ayer muchos quedaron con saldo negativo.Luego de que\u00a0usuarios en\u00a0redes sociales aseguraron que\u00a0BBVA\u00a0les hab\u00eda depositado\u00a0dinero en sus cuentas\u00a0sin motivo aparente, el banco se disculp\u00f3 por la situaci\u00f3n y asegur\u00f3 que normalizar\u00eda [&hellip;]<\/p>\n","protected":false},"author":4,"featured_media":6760,"comment_status":"open","ping_status":"open","sticky":false,"template":"","format":"standard","meta":{"om_disable_all_campaigns":false,"_monsterinsights_skip_tracking":false,"_monsterinsights_sitenote_active":false,"_monsterinsights_sitenote_note":"","_monsterinsights_sitenote_category":0,"footnotes":""},"categories":[176],"tags":[195],"class_list":["post-6757","post","type-post","status-publish","format-standard","has-post-thumbnail","hentry","category-nacional","tag-principal"],"amp_enabled":true,"_links":{"self":[{"href":"https:\/\/lahora.mx\/index.php\/wp-json\/wp\/v2\/posts\/6757","targetHints":{"allow":["GET"]}}],"collection":[{"href":"https:\/\/lahora.mx\/index.php\/wp-json\/wp\/v2\/posts"}],"about":[{"href":"https:\/\/lahora.mx\/index.php\/wp-json\/wp\/v2\/types\/post"}],"author":[{"embeddable":true,"href":"https:\/\/lahora.mx\/index.php\/wp-json\/wp\/v2\/users\/4"}],"replies":[{"embeddable":true,"href":"https:\/\/lahora.mx\/index.php\/wp-json\/wp\/v2\/comments?post=6757"}],"version-history":[{"count":1,"href":"https:\/\/lahora.mx\/index.php\/wp-json\/wp\/v2\/posts\/6757\/revisions"}],"predecessor-version":[{"id":6759,"href":"https:\/\/lahora.mx\/index.php\/wp-json\/wp\/v2\/posts\/6757\/revisions\/6759"}],"wp:featuredmedia":[{"embeddable":true,"href":"https:\/\/lahora.mx\/index.php\/wp-json\/wp\/v2\/media\/6760"}],"wp:attachment":[{"href":"https:\/\/lahora.mx\/index.php\/wp-json\/wp\/v2\/media?parent=6757"}],"wp:term":[{"taxonomy":"category","embeddable":true,"href":"https:\/\/lahora.mx\/index.php\/wp-json\/wp\/v2\/categories?post=6757"},{"taxonomy":"post_tag","embeddable":true,"href":"https:\/\/lahora.mx\/index.php\/wp-json\/wp\/v2\/tags?post=6757"}],"curies":[{"name":"wp","href":"https:\/\/api.w.org\/{rel}","templated":true}]}}