{"id":67545,"date":"2025-09-01T01:18:14","date_gmt":"2025-09-01T01:18:14","guid":{"rendered":"https:\/\/lahora.mx\/?p=67545"},"modified":"2025-09-01T01:18:14","modified_gmt":"2025-09-01T01:18:14","slug":"envia-cen-del-pri-a-juan-jose-castro-como-presidente-interino-para-puebla","status":"publish","type":"post","link":"https:\/\/lahora.mx\/index.php\/2025\/09\/01\/envia-cen-del-pri-a-juan-jose-castro-como-presidente-interino-para-puebla\/","title":{"rendered":"Env\u00eda CEN del PRI a Juan Jos\u00e9 Castro como presidente interino para Puebla"},"content":{"rendered":"\n<p>El Comit\u00e9 Ejecutivo Nacional (CEN) del PRI, design\u00f3 al senador Juan Jos\u00e9 Castro Justo, como delegado con funciones de presidente del partido en Puebla, para reorganizar al tricolor, y emitir la convocatoria para la elecci\u00f3n de la nueva dirigencia; mientras la diputada local Delfina Pozos Vergara buscar\u00e1 ser la l\u00edder del partido.<\/p>\n\n\n\n<p>Fue por decisi\u00f3n del dirigente del Comit\u00e9 Ejecutivo Nacional (CEN), Alejandro Moreno C\u00e1rdenas, el nombramiento del delegado especial con funciones de presidente a unos d\u00edas de que concluyera el per\u00edodo de N\u00e9stor Camarillo Medina, quien renunci\u00f3 la semana pasada al partido.<\/p>\n\n\n\n<p>El nuevo l\u00edder del PRI estatal ha sido en tres ocasiones diputado federal, senador de la Rep\u00fablica, as\u00ed como secretario de Estado en Guerrero. Su \u00faltima encomienda fue ser delegado General en las pasadas elecciones en Veracruz.<\/p>\n\n\n\n<p>De acuerdo a los estatutos el per\u00edodo de Camarillo Medina concluye el 15 de septiembre y se tendr\u00e1 que emitir la convocatoria para la elecci\u00f3n de la nueva presidencia.<\/p>\n\n\n\n<p>La hasta hoy secretaria general en Puebla, Delfina Pozos Vergara anunci\u00f3 que espera los tiempos de la convocatoria para registrarse y buscar la presidencia del partido hasta septiembre de 2027.<\/p>\n","protected":false},"excerpt":{"rendered":"<p>El Comit\u00e9 Ejecutivo Nacional (CEN) del PRI, design\u00f3 al senador Juan Jos\u00e9 Castro Justo, como delegado con funciones de presidente del partido en Puebla, para reorganizar al tricolor, y emitir la convocatoria para la elecci\u00f3n de la nueva dirigencia; mientras la diputada local Delfina Pozos Vergara buscar\u00e1 ser la l\u00edder del partido. Fue por decisi\u00f3n [&hellip;]<\/p>\n","protected":false},"author":4,"featured_media":67546,"comment_status":"open","ping_status":"open","sticky":false,"template":"","format":"standard","meta":{"om_disable_all_campaigns":false,"_monsterinsights_skip_tracking":false,"_monsterinsights_sitenote_active":false,"_monsterinsights_sitenote_note":"","_monsterinsights_sitenote_category":0,"footnotes":""},"categories":[175,5],"tags":[128],"class_list":["post-67545","post","type-post","status-publish","format-standard","has-post-thumbnail","hentry","category-local","category-politica","tag-politics"],"amp_enabled":true,"_links":{"self":[{"href":"https:\/\/lahora.mx\/index.php\/wp-json\/wp\/v2\/posts\/67545","targetHints":{"allow":["GET"]}}],"collection":[{"href":"https:\/\/lahora.mx\/index.php\/wp-json\/wp\/v2\/posts"}],"about":[{"href":"https:\/\/lahora.mx\/index.php\/wp-json\/wp\/v2\/types\/post"}],"author":[{"embeddable":true,"href":"https:\/\/lahora.mx\/index.php\/wp-json\/wp\/v2\/users\/4"}],"replies":[{"embeddable":true,"href":"https:\/\/lahora.mx\/index.php\/wp-json\/wp\/v2\/comments?post=67545"}],"version-history":[{"count":1,"href":"https:\/\/lahora.mx\/index.php\/wp-json\/wp\/v2\/posts\/67545\/revisions"}],"predecessor-version":[{"id":67547,"href":"https:\/\/lahora.mx\/index.php\/wp-json\/wp\/v2\/posts\/67545\/revisions\/67547"}],"wp:featuredmedia":[{"embeddable":true,"href":"https:\/\/lahora.mx\/index.php\/wp-json\/wp\/v2\/media\/67546"}],"wp:attachment":[{"href":"https:\/\/lahora.mx\/index.php\/wp-json\/wp\/v2\/media?parent=67545"}],"wp:term":[{"taxonomy":"category","embeddable":true,"href":"https:\/\/lahora.mx\/index.php\/wp-json\/wp\/v2\/categories?post=67545"},{"taxonomy":"post_tag","embeddable":true,"href":"https:\/\/lahora.mx\/index.php\/wp-json\/wp\/v2\/tags?post=67545"}],"curies":[{"name":"wp","href":"https:\/\/api.w.org\/{rel}","templated":true}]}}