{"id":6754,"date":"2022-05-11T02:38:49","date_gmt":"2022-05-11T02:38:49","guid":{"rendered":"http:\/\/lahora.mx\/?p=6754"},"modified":"2022-05-11T02:38:50","modified_gmt":"2022-05-11T02:38:50","slug":"recriminan-a-amlo-medicos-y-asociaciones-por-contratacion-de-500-medicos-cubanos","status":"publish","type":"post","link":"https:\/\/lahora.mx\/index.php\/2022\/05\/11\/recriminan-a-amlo-medicos-y-asociaciones-por-contratacion-de-500-medicos-cubanos\/","title":{"rendered":"Recriminan a AMLO m\u00e9dicos y asociaciones  por contrataci\u00f3n de 500 m\u00e9dicos cubanos"},"content":{"rendered":"\n<p>Luego de que el presidente Andr\u00e9s Manuel L\u00f3pez Obrador dijera que contratar\u00e1 a 500 m\u00e9dicos cubanos\u00a0para superar el d\u00e9ficit de especialistas de la salud en el pa\u00eds, federaciones, asociaciones y colegios de M\u00e9dicos de M\u00e9xico se pronunciaron en contra de la contrataci\u00f3n.\u00a0<\/p>\n\n\n\n<p>Mediante un comunicado difundido en redes sociales, los Colegios, las asociaciones y las federaciones de m\u00e9dicos especialistas&nbsp;<strong>manifestaron su molestia&nbsp;<\/strong>por la decisi\u00f3n del presidente Andr\u00e9s Manuel L\u00f3pez Obrador.&nbsp;PUBLICIDAD<\/p>\n\n\n\n<p>\u201cLos Colegios, Asociaciones y Federaciones de m\u00e9dicos especialistas abajo firmantes, decidimos manifestar nuestra profunda desaprobaci\u00f3n y\u00a0<strong>en\u00e9rgica protesta<\/strong>, ante el anuncio del gobierno federal de la contrataci\u00f3n nuevamente de m\u00e9dicos de otro pa\u00eds por una supuesta falta de los mismos, lo que consideramos una falta grave en contra de los profesionales de la salud de M\u00e9xico\u201d, comunicaron.\u00a0<br><\/p>\n\n\n\n<p>\u201cEn nuestro pa\u00eds s\u00ed hay m\u00e9dicos con capacidad avalada por la Universidades de la Rep\u00fablica Mexicana, formados en pleno conocimiento de las necesidades de la idiosincrasia de nuestra poblaci\u00f3n, algunos de ellos est\u00e1n desempleados o empleados eventualmente con salarios muy bajos o en zonas de inseguridad extrema.<\/p>\n\n\n\n<p>\u00abDebido a esto consideramos que de manera injusta se les ha relegado, privilegiando a\u00a0<strong>m\u00e9dicos extranjeros<\/strong>, desconociendo la capacidad acad\u00e9mica de nuestras Universidades\u201d, escriben.\u00a0<br><\/p>\n\n\n\n<p>Resaltaron que trabajaron atendiendo pacientes afectados por la&nbsp;<strong>Covid-19<\/strong>&nbsp;arriesgando sus vidas y las de sus familias, por ello, reiteraron como un agravio para el gremio m\u00e9dico la inequidad con los m\u00e9dicos del pa\u00eds.&nbsp;<\/p>\n\n\n\n<p>\u201cPor esto resulta un agravio para el&nbsp;<strong>gremio<\/strong>&nbsp;<strong>m\u00e9dico mexicano&nbsp;<\/strong>toda vez que estos m\u00e9dicos extranjeros no re\u00fanen las competencias requeridas, no tienen funciones debidamente especificadas, no cuentan con los requisitos establecidos por las leyes vigentes, as\u00ed como carecen del aval de los colegios de los profesionistas. Su intervenci\u00f3n no representa un beneficio para para la atenci\u00f3n de nuestra poblaci\u00f3n y s\u00ed es una grave falta de equidad para los m\u00e9dicos de nuestro pa\u00eds\u201d, resaltan.<\/p>\n","protected":false},"excerpt":{"rendered":"<p>Luego de que el presidente Andr\u00e9s Manuel L\u00f3pez Obrador dijera que contratar\u00e1 a 500 m\u00e9dicos cubanos\u00a0para superar el d\u00e9ficit de especialistas de la salud en el pa\u00eds, federaciones, asociaciones y colegios de M\u00e9dicos de M\u00e9xico se pronunciaron en contra de la contrataci\u00f3n.\u00a0 Mediante un comunicado difundido en redes sociales, los Colegios, las asociaciones y las [&hellip;]<\/p>\n","protected":false},"author":4,"featured_media":6755,"comment_status":"open","ping_status":"open","sticky":false,"template":"","format":"standard","meta":{"om_disable_all_campaigns":false,"_monsterinsights_skip_tracking":false,"_monsterinsights_sitenote_active":false,"_monsterinsights_sitenote_note":"","_monsterinsights_sitenote_category":0,"footnotes":""},"categories":[176],"tags":[195],"class_list":["post-6754","post","type-post","status-publish","format-standard","has-post-thumbnail","hentry","category-nacional","tag-principal"],"amp_enabled":true,"_links":{"self":[{"href":"https:\/\/lahora.mx\/index.php\/wp-json\/wp\/v2\/posts\/6754","targetHints":{"allow":["GET"]}}],"collection":[{"href":"https:\/\/lahora.mx\/index.php\/wp-json\/wp\/v2\/posts"}],"about":[{"href":"https:\/\/lahora.mx\/index.php\/wp-json\/wp\/v2\/types\/post"}],"author":[{"embeddable":true,"href":"https:\/\/lahora.mx\/index.php\/wp-json\/wp\/v2\/users\/4"}],"replies":[{"embeddable":true,"href":"https:\/\/lahora.mx\/index.php\/wp-json\/wp\/v2\/comments?post=6754"}],"version-history":[{"count":1,"href":"https:\/\/lahora.mx\/index.php\/wp-json\/wp\/v2\/posts\/6754\/revisions"}],"predecessor-version":[{"id":6756,"href":"https:\/\/lahora.mx\/index.php\/wp-json\/wp\/v2\/posts\/6754\/revisions\/6756"}],"wp:featuredmedia":[{"embeddable":true,"href":"https:\/\/lahora.mx\/index.php\/wp-json\/wp\/v2\/media\/6755"}],"wp:attachment":[{"href":"https:\/\/lahora.mx\/index.php\/wp-json\/wp\/v2\/media?parent=6754"}],"wp:term":[{"taxonomy":"category","embeddable":true,"href":"https:\/\/lahora.mx\/index.php\/wp-json\/wp\/v2\/categories?post=6754"},{"taxonomy":"post_tag","embeddable":true,"href":"https:\/\/lahora.mx\/index.php\/wp-json\/wp\/v2\/tags?post=6754"}],"curies":[{"name":"wp","href":"https:\/\/api.w.org\/{rel}","templated":true}]}}