{"id":67536,"date":"2025-09-01T00:25:05","date_gmt":"2025-09-01T00:25:05","guid":{"rendered":"https:\/\/lahora.mx\/?p=67536"},"modified":"2025-09-01T00:25:06","modified_gmt":"2025-09-01T00:25:06","slug":"garcia-parra-anuncia-adecuaciones-en-el-estadio-cuauhtemoc-para-ser-sede-en-el-mundial-fifa-2026","status":"publish","type":"post","link":"https:\/\/lahora.mx\/index.php\/2025\/09\/01\/garcia-parra-anuncia-adecuaciones-en-el-estadio-cuauhtemoc-para-ser-sede-en-el-mundial-fifa-2026\/","title":{"rendered":"Garc\u00eda Parra anuncia adecuaciones en el estadio Cuauht\u00e9moc para ser sede en el Mundial FIFA 2026"},"content":{"rendered":"\n<p>En 12 d\u00edas iniciar\u00e1n las obras de adecuaci\u00f3n en el Estadio Cuauht\u00e9moc con el objetivo de cumplir con los est\u00e1ndares marcados por la FIFA, para que el Coloso de Maravillas se convierta en una sede oficial de entrenamiento durante la Copa Mundial de Futbol FIFA 2026, inform\u00f3 el coordinador del gabinete estatal, Jos\u00e9 Luis Garc\u00eda Parra.<\/p>\n\n\n\n<p>De acuerdo con el funcionario, los trabajos se centrar\u00e1n principalmente en la mejora del c\u00e9sped y del sistema de drenaje del campo, garantizando instalaciones deportivas de primer nivel conforme a los lineamientos del m\u00e1ximo organismo del futbol internacional.<\/p>\n\n\n\n<p>El coordinador del gabinete estatal se\u00f1al\u00f3 que ser\u00e1 a finales de septiembre cuando la FIFA dar\u00e1 a conocer la lista de sedes que se ofrecer\u00e1n a los cuatro equipos que jugar\u00e1n en la Ciudad de M\u00e9xico, entre las cuales estar\u00e1 Puebla. Indic\u00f3 que ser\u00e1n los propios equipos quienes decidan en qu\u00e9 lugar realizar\u00e1n sus entrenamientos durante el desarrollo del evento deportivo.<\/p>\n\n\n\n<p>\u201cA finales de septiembre, cerca del d\u00eda 28, se va a publicar una lista de las sedes viables para campos de entrenamiento; esas sedes se pondr\u00e1n a consideraci\u00f3n de todos los equipos del mundial que tendr\u00e1n como sede la Ciudad de M\u00e9xico, en el Estadio Azteca para sus partidos oficiales, y esos cuatro equipos definir\u00e1n en qu\u00e9 lugar se van a entrenar. Entonces, ya ser\u00e1 decisi\u00f3n de los equipos la elecci\u00f3n de los campos, pero nosotros vamos a estar listos\u201d, afirm\u00f3 Garc\u00eda Parra.<\/p>\n\n\n\n<p>Asimismo, el funcionario detall\u00f3 que se mantendr\u00e1n reuniones con la directiva del Club Puebla para definir si el equipo har\u00e1 uso de una sede alterna durante el periodo de adecuaciones y previo a la realizaci\u00f3n del mundial, evitando as\u00ed posibles afectaciones a sus actividades deportivas.<\/p>\n\n\n\n<p>En otro tema, el coordinador del gabinete inform\u00f3 que, en conjunto con la Consejer\u00eda Jur\u00eddica del estado, se est\u00e1 elaborando una iniciativa que busca garantizar la seguridad y protecci\u00f3n de los aficionados y del p\u00fablico en general que asiste a espect\u00e1culos masivos, incluidos los eventos deportivos.<\/p>\n","protected":false},"excerpt":{"rendered":"<p>En 12 d\u00edas iniciar\u00e1n las obras de adecuaci\u00f3n en el Estadio Cuauht\u00e9moc con el objetivo de cumplir con los est\u00e1ndares marcados por la FIFA, para que el Coloso de Maravillas se convierta en una sede oficial de entrenamiento durante la Copa Mundial de Futbol FIFA 2026, inform\u00f3 el coordinador del gabinete estatal, Jos\u00e9 Luis Garc\u00eda [&hellip;]<\/p>\n","protected":false},"author":4,"featured_media":67537,"comment_status":"open","ping_status":"open","sticky":false,"template":"","format":"standard","meta":{"om_disable_all_campaigns":false,"_monsterinsights_skip_tracking":false,"_monsterinsights_sitenote_active":false,"_monsterinsights_sitenote_note":"","_monsterinsights_sitenote_category":0,"footnotes":""},"categories":[5],"tags":[223],"class_list":["post-67536","post","type-post","status-publish","format-standard","has-post-thumbnail","hentry","category-politica","tag-puebla"],"amp_enabled":true,"_links":{"self":[{"href":"https:\/\/lahora.mx\/index.php\/wp-json\/wp\/v2\/posts\/67536","targetHints":{"allow":["GET"]}}],"collection":[{"href":"https:\/\/lahora.mx\/index.php\/wp-json\/wp\/v2\/posts"}],"about":[{"href":"https:\/\/lahora.mx\/index.php\/wp-json\/wp\/v2\/types\/post"}],"author":[{"embeddable":true,"href":"https:\/\/lahora.mx\/index.php\/wp-json\/wp\/v2\/users\/4"}],"replies":[{"embeddable":true,"href":"https:\/\/lahora.mx\/index.php\/wp-json\/wp\/v2\/comments?post=67536"}],"version-history":[{"count":1,"href":"https:\/\/lahora.mx\/index.php\/wp-json\/wp\/v2\/posts\/67536\/revisions"}],"predecessor-version":[{"id":67538,"href":"https:\/\/lahora.mx\/index.php\/wp-json\/wp\/v2\/posts\/67536\/revisions\/67538"}],"wp:featuredmedia":[{"embeddable":true,"href":"https:\/\/lahora.mx\/index.php\/wp-json\/wp\/v2\/media\/67537"}],"wp:attachment":[{"href":"https:\/\/lahora.mx\/index.php\/wp-json\/wp\/v2\/media?parent=67536"}],"wp:term":[{"taxonomy":"category","embeddable":true,"href":"https:\/\/lahora.mx\/index.php\/wp-json\/wp\/v2\/categories?post=67536"},{"taxonomy":"post_tag","embeddable":true,"href":"https:\/\/lahora.mx\/index.php\/wp-json\/wp\/v2\/tags?post=67536"}],"curies":[{"name":"wp","href":"https:\/\/api.w.org\/{rel}","templated":true}]}}