{"id":67532,"date":"2025-09-01T00:23:04","date_gmt":"2025-09-01T00:23:04","guid":{"rendered":"https:\/\/lahora.mx\/?p=67532"},"modified":"2025-09-01T00:23:44","modified_gmt":"2025-09-01T00:23:44","slug":"detencion-de-integrantes-del-colectivo-morras-sororas-fue-apegada-a-la-ley-chedraui","status":"publish","type":"post","link":"https:\/\/lahora.mx\/index.php\/2025\/09\/01\/detencion-de-integrantes-del-colectivo-morras-sororas-fue-apegada-a-la-ley-chedraui\/","title":{"rendered":"Detenci\u00f3n de integrantes del colectivo Morras Sororas fue apegada a la ley: Chedraui"},"content":{"rendered":"\n<p>Ante la detenci\u00f3n de cuatro manifestantes integrantes del colectivo Morras Sororas por presuntos actos de iconoclasia durante una protesta celebrada el pasado 30 de agosto, el presidente municipal de Puebla, Jos\u00e9 Chedraui Budib asegur\u00f3 que actu\u00f3 conforme a la ley. Al respecto, la gerente del Centro Hist\u00f3rico, Aim\u00e9 Guerra P\u00e9rez, revel\u00f3 que ya fue interpuesta una denuncia ante la Fiscal\u00eda General de la Rep\u00fablica (FGR) por los posibles da\u00f1os al patrimonio de la ciudad.<\/p>\n\n\n\n<p>El alcalde expres\u00f3 su respeto por todas las formas de expresi\u00f3n, aclarando que la Polic\u00eda Municipal activ\u00f3 todos los protocolos de seguridad a fin de prevenir posibles agresiones o enfrentamientos durante la manifestaci\u00f3n por el D\u00eda Internacional de las V\u00edctimas de Desaparici\u00f3n Forzada.<\/p>\n\n\n\n<p>Adem\u00e1s, Chedraui Budib tambi\u00e9n reiter\u00f3 su compromiso de salvaguardar la integridad de todos los poblanos, as\u00ed como del patrimonio hist\u00f3rico de la ciudad. En tanto, la Secretar\u00eda de Igualdad de G\u00e9nero de la capital inform\u00f3 que brind\u00f3 acompa\u00f1amiento jur\u00eddico a las cuatro manifestantes detenidas.<br><br>Por su parte, Guerra P\u00e9rez se\u00f1al\u00f3 que fue interpuesta una denuncia ante la Fiscal\u00eda General de la Rep\u00fablica, instancia que, dijo, ser\u00e1 la encargada de investigar los hechos registrados la tarde del pasado 30 de agosto en el Z\u00f3calo de la ciudad, as\u00ed como los posibles da\u00f1os que pudiera tener la fuente de San Miguel e hizo un llamado a la ciudadan\u00eda a cuidar el patrimonio para heredarlo a las siguientes generaciones.<\/p>\n\n\n\n<p>\u201cEl patrimonio cultural de Puebla pertenece a todas y a todos, tiene un valor universal y es una labor colectiva protegerlo y valorarlo, pues lo heredamos de nuestros antepasados, quienes nos confieren la responsabilidad de cuidarlo para heredarlo a las pr\u00f3ximas generaciones. Este s\u00e1bado la ciudadan\u00eda poblana dio muestra de un alto grado de civismo ante actos que pon\u00edan en riesgo este legado (\u2026). La administraci\u00f3n municipal reitera su absoluto respeto a la libre expresi\u00f3n, priorizando el di\u00e1logo. Ante esto, ha sido interpuesta una denuncia ante la Fiscal\u00eda General de la Rep\u00fablica\u201d, mencion\u00f3.<\/p>\n\n\n\n<p>Al respecto, el Gobierno del Estado tambi\u00e9n se pronunci\u00f3, expresando su respeto a la libertad de expresi\u00f3n. Se aclar\u00f3 que las cuatro manifestantes est\u00e1n puestas a disposici\u00f3n de la Fiscal\u00eda General de la Rep\u00fablica para las indagatorias pertinentes, las cuales ser\u00e1n supervisadas, exhortando a su vez que se realicen con perspectiva de g\u00e9nero.<br><br>\u201cEl Gobierno del Estado respeta la libre protesta y la expresi\u00f3n de las ideas. Las mujeres detenidas en el marco de la manifestaci\u00f3n del D\u00eda Internacional de las V\u00edctimas de Desapariciones Forzadas est\u00e1n a disposici\u00f3n de la Fiscal\u00eda General de la Rep\u00fablica. El Gobierno del Estado est\u00e1 pendiente de sus garant\u00edas y de sus derechos humanos\u201d, manifestaron.<br><\/p>\n","protected":false},"excerpt":{"rendered":"<p>Ante la detenci\u00f3n de cuatro manifestantes integrantes del colectivo Morras Sororas por presuntos actos de iconoclasia durante una protesta celebrada el pasado 30 de agosto, el presidente municipal de Puebla, Jos\u00e9 Chedraui Budib asegur\u00f3 que actu\u00f3 conforme a la ley. Al respecto, la gerente del Centro Hist\u00f3rico, Aim\u00e9 Guerra P\u00e9rez, revel\u00f3 que ya fue interpuesta [&hellip;]<\/p>\n","protected":false},"author":4,"featured_media":67533,"comment_status":"open","ping_status":"open","sticky":false,"template":"","format":"standard","meta":{"om_disable_all_campaigns":false,"_monsterinsights_skip_tracking":false,"_monsterinsights_sitenote_active":false,"_monsterinsights_sitenote_note":"","_monsterinsights_sitenote_category":0,"footnotes":""},"categories":[175],"tags":[223],"class_list":["post-67532","post","type-post","status-publish","format-standard","has-post-thumbnail","hentry","category-local","tag-puebla"],"amp_enabled":true,"_links":{"self":[{"href":"https:\/\/lahora.mx\/index.php\/wp-json\/wp\/v2\/posts\/67532","targetHints":{"allow":["GET"]}}],"collection":[{"href":"https:\/\/lahora.mx\/index.php\/wp-json\/wp\/v2\/posts"}],"about":[{"href":"https:\/\/lahora.mx\/index.php\/wp-json\/wp\/v2\/types\/post"}],"author":[{"embeddable":true,"href":"https:\/\/lahora.mx\/index.php\/wp-json\/wp\/v2\/users\/4"}],"replies":[{"embeddable":true,"href":"https:\/\/lahora.mx\/index.php\/wp-json\/wp\/v2\/comments?post=67532"}],"version-history":[{"count":2,"href":"https:\/\/lahora.mx\/index.php\/wp-json\/wp\/v2\/posts\/67532\/revisions"}],"predecessor-version":[{"id":67535,"href":"https:\/\/lahora.mx\/index.php\/wp-json\/wp\/v2\/posts\/67532\/revisions\/67535"}],"wp:featuredmedia":[{"embeddable":true,"href":"https:\/\/lahora.mx\/index.php\/wp-json\/wp\/v2\/media\/67533"}],"wp:attachment":[{"href":"https:\/\/lahora.mx\/index.php\/wp-json\/wp\/v2\/media?parent=67532"}],"wp:term":[{"taxonomy":"category","embeddable":true,"href":"https:\/\/lahora.mx\/index.php\/wp-json\/wp\/v2\/categories?post=67532"},{"taxonomy":"post_tag","embeddable":true,"href":"https:\/\/lahora.mx\/index.php\/wp-json\/wp\/v2\/tags?post=67532"}],"curies":[{"name":"wp","href":"https:\/\/api.w.org\/{rel}","templated":true}]}}