{"id":67447,"date":"2025-08-29T16:50:59","date_gmt":"2025-08-29T16:50:59","guid":{"rendered":"https:\/\/lahora.mx\/?p=67447"},"modified":"2025-08-29T16:51:00","modified_gmt":"2025-08-29T16:51:00","slug":"a-partir-de-hoy-compras-en-temu-y-shein-deberan-pagar-impuesto","status":"publish","type":"post","link":"https:\/\/lahora.mx\/index.php\/2025\/08\/29\/a-partir-de-hoy-compras-en-temu-y-shein-deberan-pagar-impuesto\/","title":{"rendered":"A partir de hoy compras en Temu y Shein deber\u00e1n pagar impuesto"},"content":{"rendered":"\n<p class=\"wp-block-paragraph\">A partir de este 29 de agosto de 2025, el gobierno de Estados Unidos ha eliminado definitivamente la exenci\u00f3n arancelaria de \u00abde minimis\u00bb para todas las importaciones, lo que significa que ahora todos los paquetes que ingresen al pa\u00eds, sin importar su valor, deber\u00e1n pagar aranceles.<br><br>Esta medida marca el fin de una excepci\u00f3n establecida desde 1938 que permit\u00eda la entrada libre de impuestos de env\u00edos con valor inferior a los 800 d\u00f3lares.<\/p>\n\n\n\n<p class=\"wp-block-paragraph\">El cambio, ordenado por un decreto ejecutivo del presidente Trump el 30 de julio y implementado hoy, obedece a motivos de seguridad nacional, el control de sustancias il\u00edcitas \u2014como el fentanilo\u2014 y la defensa de las industrias locales frente a la competencia desleal en el e-commerce. Durante un per\u00edodo de transici\u00f3n de seis meses, las tarifas podr\u00e1n calcularse de dos maneras: mediante un arancel ad valorem, que depende del pa\u00eds de origen, o un cargo fijo por env\u00edo que oscila entre 80 y 200 d\u00f3lares.<\/p>\n\n\n\n<p class=\"wp-block-paragraph\">Orientado especialmente al comercio electr\u00f3nico, este cambio afectar\u00e1 a grandes plataformas como Temu y Shein, que hasta ahora se beneficiaban del r\u00e9gimen libre de impuestos para ofrecer productos a bajos precios con env\u00edos directos desde China. Etsy, eBay, y otros mercados de vendedores independientes tambi\u00e9n enfrentar\u00e1n mayores costos, demoras y cargas administrativas adicionales tras la implementaci\u00f3n de las nuevas reglas<\/p>\n","protected":false},"excerpt":{"rendered":"<p>A partir de este 29 de agosto de 2025, el gobierno de Estados Unidos ha eliminado definitivamente la exenci\u00f3n arancelaria de \u00abde minimis\u00bb para todas las importaciones, lo que significa que ahora todos los paquetes que ingresen al pa\u00eds, sin importar su valor, deber\u00e1n pagar aranceles. Esta medida marca el fin de una excepci\u00f3n establecida [&hellip;]<\/p>\n","protected":false},"author":4,"featured_media":67448,"comment_status":"open","ping_status":"open","sticky":false,"template":"","format":"standard","meta":{"om_disable_all_campaigns":false,"_monsterinsights_skip_tracking":false,"footnotes":""},"categories":[175,2],"tags":[],"class_list":["post-67447","post","type-post","status-publish","format-standard","has-post-thumbnail","hentry","category-local","category-negocios"],"amp_enabled":true,"_links":{"self":[{"href":"https:\/\/lahora.mx\/index.php\/wp-json\/wp\/v2\/posts\/67447","targetHints":{"allow":["GET"]}}],"collection":[{"href":"https:\/\/lahora.mx\/index.php\/wp-json\/wp\/v2\/posts"}],"about":[{"href":"https:\/\/lahora.mx\/index.php\/wp-json\/wp\/v2\/types\/post"}],"author":[{"embeddable":true,"href":"https:\/\/lahora.mx\/index.php\/wp-json\/wp\/v2\/users\/4"}],"replies":[{"embeddable":true,"href":"https:\/\/lahora.mx\/index.php\/wp-json\/wp\/v2\/comments?post=67447"}],"version-history":[{"count":1,"href":"https:\/\/lahora.mx\/index.php\/wp-json\/wp\/v2\/posts\/67447\/revisions"}],"predecessor-version":[{"id":67449,"href":"https:\/\/lahora.mx\/index.php\/wp-json\/wp\/v2\/posts\/67447\/revisions\/67449"}],"wp:featuredmedia":[{"embeddable":true,"href":"https:\/\/lahora.mx\/index.php\/wp-json\/wp\/v2\/media\/67448"}],"wp:attachment":[{"href":"https:\/\/lahora.mx\/index.php\/wp-json\/wp\/v2\/media?parent=67447"}],"wp:term":[{"taxonomy":"category","embeddable":true,"href":"https:\/\/lahora.mx\/index.php\/wp-json\/wp\/v2\/categories?post=67447"},{"taxonomy":"post_tag","embeddable":true,"href":"https:\/\/lahora.mx\/index.php\/wp-json\/wp\/v2\/tags?post=67447"}],"curies":[{"name":"wp","href":"https:\/\/api.w.org\/{rel}","templated":true}]}}