{"id":6742,"date":"2022-05-11T01:44:53","date_gmt":"2022-05-11T01:44:53","guid":{"rendered":"http:\/\/lahora.mx\/?p=6742"},"modified":"2022-05-11T01:44:53","modified_gmt":"2022-05-11T01:44:53","slug":"madres-marchan-para-exigir-la-busqueda-de-sus-hijos-no-hubo-nada-que-celebrar-para-ellas","status":"publish","type":"post","link":"https:\/\/lahora.mx\/index.php\/2022\/05\/11\/madres-marchan-para-exigir-la-busqueda-de-sus-hijos-no-hubo-nada-que-celebrar-para-ellas\/","title":{"rendered":"Madres marchan para exigir la b\u00fasqueda de sus hijos no hubo nada que celebrar para ellas"},"content":{"rendered":"\n<p>Las&nbsp;<strong>madres se olvidaron de los festejos del 10 de mayo y marcharon en las calles de Puebla&nbsp;<\/strong>para exigir al Gobierno del Estado&nbsp;<strong>que agilice la b\u00fasqueda de personas desaparecidas.<\/strong>&nbsp;El&nbsp;<strong>Colectivo Voz de los Desaparecidos encabez\u00f3 la tradicional marcha<\/strong>&nbsp;para recordar que en el territorio se siguen registrando desapariciones y que muchos casos siguen el olvido.<\/p>\n\n\n\n<p>Fue este 10 de mayo cuando<strong>\u00a0alrededor de 150 madres y familiares de personas desaparecidas se dieron cita en el z\u00f3calo\u00a0<\/strong>de Puebla para exigir a las autoridades poblanas que tomen cartas en el asunto. Se\u00f1alaron que a diferencia de varias madres que celebran el 10 de mayo, D\u00eda de las Madre<strong>s, ellas no tienen nada que festejar, pues no saben en d\u00f3nde est\u00e1n sus hijos.<\/strong><br><\/p>\n\n\n\n<p><strong><em>El 10 de mayo no es d\u00eda de fiesta, es de lucha y de protesta\u201d<\/em><\/strong>, fue parte de sus consignas. Las mujeres marcharon desde el z\u00f3calo capitalino hasta la Comisi\u00f3n de B\u00fasqueda del Gobierno de Puebla, en donde pidieron que saliera la titular, Mar\u00eda del Carmen Carabarin Trujillo. Sin embargo, nunca dio la cara a los manifestantes.<\/p>\n\n\n\n<p>En este punto, la presidenta del colectivo,&nbsp;<strong>Mar\u00eda Luisa N\u00fa\u00f1ez se\u00f1al\u00f3 que Carabarin Trujillo muy rara vez ha trabajado de manera coordinada con ellos&nbsp;<\/strong>y, en su opini\u00f3n, se ha gastado los recursos de dicha comisi\u00f3n en su beneficio, en vez de destinarlo para encontrar a los familiares.<\/p>\n\n\n\n<p>Sali\u00f3 una persona que dijo trabajar en la Comisi\u00f3n y<strong>&nbsp;Mar\u00eda Luisa dijo que solo dejar\u00edan constancia de que pasaron en este lugar<\/strong>, pero que sab\u00edan que Mar\u00eda del Carmen no los iba a atender. Aprovech\u00f3 para pedir al gobernador, Luis Miguel Barbosa Huerta, que destituya a esta funcionaria, pues cree que no ha dado buenos resultados.<\/p>\n\n\n\n<p>Posteriormente\u00a0<strong>siguieron a la Fiscal\u00eda General del Estado de Puebl<\/strong>a (FGE) en donde gritaron que el mandatario oculta las desapariciones y es c\u00f3mplice de los levantones que se han registrado en Puebla.<br><\/p>\n\n\n\n<p><strong><em>\u201cUna lancha en Puebla no es para buscar, Barbosa la quiere para irse a pasear\u201d<\/em><\/strong>, gritaron en las calles, pues el Colectivo asegur\u00f3 que la Comisi\u00f3n de B\u00fasqueda ha adquirido una lancha, cuando el dinero de este veh\u00edculo pudo destinarse a brigadas de b\u00fasqueda.<\/p>\n\n\n\n<p>Ya en la FGE, la se\u00f1ora Mar\u00eda Luisa&nbsp;<strong>comparti\u00f3 que desde hace varios meses ha pedido reunirse con el fiscal Gilberto Higuera Bernal, pero \u00e9ste no ha querido atenderlos.&nbsp;<\/strong>En su llegada al organismo, pidi\u00f3 de nueva cuenta que el titular de la FGE los atendiera, pero hasta las 12:30 eel d\u00eda no hab\u00eda salido nadie a escucharlos.<\/p>\n\n\n\n<p>Los miembros de Voz de los Desaparecidos<strong>&nbsp;colocaron una lona y sillas a las afueras de la Fiscal\u00eda,&nbsp;<\/strong>en donde ofrecieron una misa y esperaron que las autoridades salieran a atenderlos.<\/p>\n\n\n\n<p><strong>A la movilizaci\u00f3n se unieron ciclistas y activistas,&nbsp;<\/strong>quienes acompa\u00f1aron a los familiares de las personas desaparecidas en la marcha de este 10 de mayo.<\/p>\n","protected":false},"excerpt":{"rendered":"<p>Las&nbsp;madres se olvidaron de los festejos del 10 de mayo y marcharon en las calles de Puebla&nbsp;para exigir al Gobierno del Estado&nbsp;que agilice la b\u00fasqueda de personas desaparecidas.&nbsp;El&nbsp;Colectivo Voz de los Desaparecidos encabez\u00f3 la tradicional marcha&nbsp;para recordar que en el territorio se siguen registrando desapariciones y que muchos casos siguen el olvido. Fue este 10 [&hellip;]<\/p>\n","protected":false},"author":4,"featured_media":6743,"comment_status":"open","ping_status":"open","sticky":false,"template":"","format":"standard","meta":{"om_disable_all_campaigns":false,"_monsterinsights_skip_tracking":false,"_monsterinsights_sitenote_active":false,"_monsterinsights_sitenote_note":"","_monsterinsights_sitenote_category":0,"footnotes":""},"categories":[175],"tags":[223],"class_list":["post-6742","post","type-post","status-publish","format-standard","has-post-thumbnail","hentry","category-local","tag-puebla"],"amp_enabled":true,"_links":{"self":[{"href":"https:\/\/lahora.mx\/index.php\/wp-json\/wp\/v2\/posts\/6742","targetHints":{"allow":["GET"]}}],"collection":[{"href":"https:\/\/lahora.mx\/index.php\/wp-json\/wp\/v2\/posts"}],"about":[{"href":"https:\/\/lahora.mx\/index.php\/wp-json\/wp\/v2\/types\/post"}],"author":[{"embeddable":true,"href":"https:\/\/lahora.mx\/index.php\/wp-json\/wp\/v2\/users\/4"}],"replies":[{"embeddable":true,"href":"https:\/\/lahora.mx\/index.php\/wp-json\/wp\/v2\/comments?post=6742"}],"version-history":[{"count":1,"href":"https:\/\/lahora.mx\/index.php\/wp-json\/wp\/v2\/posts\/6742\/revisions"}],"predecessor-version":[{"id":6744,"href":"https:\/\/lahora.mx\/index.php\/wp-json\/wp\/v2\/posts\/6742\/revisions\/6744"}],"wp:featuredmedia":[{"embeddable":true,"href":"https:\/\/lahora.mx\/index.php\/wp-json\/wp\/v2\/media\/6743"}],"wp:attachment":[{"href":"https:\/\/lahora.mx\/index.php\/wp-json\/wp\/v2\/media?parent=6742"}],"wp:term":[{"taxonomy":"category","embeddable":true,"href":"https:\/\/lahora.mx\/index.php\/wp-json\/wp\/v2\/categories?post=6742"},{"taxonomy":"post_tag","embeddable":true,"href":"https:\/\/lahora.mx\/index.php\/wp-json\/wp\/v2\/tags?post=6742"}],"curies":[{"name":"wp","href":"https:\/\/api.w.org\/{rel}","templated":true}]}}